{"id":302,"date":"2017-01-01T16:56:33","date_gmt":"2017-01-01T15:56:33","guid":{"rendered":"https:\/\/jhbg-hermannloens.at\/?p=302"},"modified":"2021-01-13T15:18:34","modified_gmt":"2021-01-13T14:18:34","slug":"2017","status":"publish","type":"post","link":"https:\/\/jhbg-hermannloens.at\/?p=302","title":{"rendered":"2017"},"content":{"rendered":"\n<p><strong>Am <\/strong>14. Februar geleiteten wir WK Franz Demmermaier nach der feierlichen Einsegnung mit unseren Jagdhornkl\u00e4ngen zu seiner letzten Ruhest\u00e4tte auf dem Friedhof Bisamberg. Waidmannsruh!<\/p>\n\n\n\n<p><strong>Auf <\/strong>Einladung der W\u00e4hringer Faschingsgilde begleiteten wir am 25. Februar bei fr\u00fchlingshaften Bedingungen das Narrentreiben vom Gersthofer Platz&#8217;l bis zum Kutschkermarkt, wo vom Schwarzen Mann der goldene Schl\u00fcssel zum W\u00e4hringer Rathaus dem Bezirksvorsteher \u00fcbergeben wurde.<\/p>\n\n\n\n<p><strong>Am <\/strong>3. M\u00e4rz begr\u00fc\u00dften wir im Hollywood Megaplex Gasometer die G\u00e4ste zur Premiere des beeindruckenden 3D-Filmes &#8222;Halali&#8220; von Prof. Kurt M\u00fcndl und er\u00f6ffneten anschlie\u00dfend den Empfang des Wiener Landesjagdverbandes.<\/p>\n\n\n\n<div class=\"wp-block-image\"><figure class=\"alignleft size-large\"><img loading=\"lazy\" decoding=\"async\" width=\"235\" height=\"257\" src=\"https:\/\/jhbg-hermannloens.at\/wp-content\/uploads\/2020\/12\/Ronny-Zobel_2.jpg\" alt=\"\" class=\"wp-image-303\"\/><\/figure><\/div>\n\n\n\n<p><strong>Im <\/strong>Zuge der heurigen Generalversammlung am 24. M\u00e4rz gab unser langj\u00e4hriger Obmann-stellvertreter Dr. Peter L\u00fcftenegger bekannt, dass er in den heimatlichen Lungau \u00fcber-siedeln und daher seine Funktion beenden wolle. Seine Mitgliedschaft bleibt auch weiterhin aufrecht. Hubert Krogger ist somit ab sofort alleiniger Obmannstellvertreter, alle anderen Funktion\u00e4rinnen und Funktio-n\u00e4re wurden f\u00fcr weitere zwei Jahre wieder-gew\u00e4hlt. Obmann Helmut Wasser erteilte Ronald Zobel feierlich den Jagdhornbl\u00e4ser-schlag und wir begr\u00fc\u00dfen somit den Aufnahmewerber recht herzlich als neues Mitglied mit einem kr\u00e4ftigen Waidmannsheil! Ebenso freuen wir uns \u00fcber die Aufnahme von Sabine Willegger-Paulhart und Dipl. Ing. Thomas Leitner als neue unterst\u00fctzende Mitglieder unseres Vereines!<\/p>\n\n\n\n<div class=\"wp-block-image\"><figure class=\"alignright size-large\"><img loading=\"lazy\" decoding=\"async\" width=\"235\" height=\"313\" src=\"https:\/\/jhbg-hermannloens.at\/wp-content\/uploads\/2020\/12\/Triulzi-90.jpg\" alt=\"\" class=\"wp-image-304\" srcset=\"https:\/\/jhbg-hermannloens.at\/wp-content\/uploads\/2020\/12\/Triulzi-90.jpg 235w, https:\/\/jhbg-hermannloens.at\/wp-content\/uploads\/2020\/12\/Triulzi-90-225x300.jpg 225w\" sizes=\"auto, (max-width: 235px) 100vw, 235px\" \/><\/figure><\/div>\n\n\n\n<p><strong>Unser <\/strong>Ehrenobmann Ing. Kurt Triulzi feierte am 26. M\u00e4rz im gem\u00fctlichen Ambiente des &#8222;Steirerst\u00f6ckls&#8220; in P\u00f6tzleinsdorf im Kreise seiner Familie seinen 90. Geburtstag. Aus diesem Anlass \u00fcberreichten wir ihm ein Buch mit einer umfassenden Fotodokumentation unseres im Vorjahr begangenen Jubil\u00e4ums und den dazupassenden Wein. Des Weiteren sprachen wir ihm bei dieser Gelegenheit f\u00fcr seine langj\u00e4hrige Treue und 50-j\u00e4hrige Mit-gliedschaft unseren Dank und Anerkennung in Form einer entsprechenden Urkunde aus. Wir w\u00fcnschen unserem Jubilar auch auf diesem Wege alles erdenklich Gute und ein herzliches Waidmannsheil!<\/p>\n\n\n\n<p><strong>Am <\/strong>1. April begleiteten wir JL Johann Mahrer unter gro\u00dfer Anteilnahme der \u00f6rtlichen Bev\u00f6lkerung von der Wallfahrtskirche zu seiner letzten Ruhest\u00e4tte auf dem Friedhof Oberhautzental. Waidmannsruh!<\/p>\n\n\n\n<p><strong>Unser <\/strong>Freund Wolfgang Engl hat am 7. April vor der Pr\u00fcfungskommission der Salzburger J\u00e4gerschaft die Falknerpr\u00fcfung erfolgreich bestanden, wir gratulieren ihm auch an dieser Stelle mit einem herzlichen Falknersheil!<\/p>\n\n\n\n<p><strong>Am <\/strong>3. Mai sorgten wir gemeinsam mit den Wiener Jagdhornbl\u00e4sergruppen &#8222;Babenberg&#8220;, &#8222;Gregor Mendel&#8220; und &#8222;Herzbock&#8220; f\u00fcr die jagdmusikalische Umrahmung des Wiener Landesj\u00e4gertages 2017 des Wiener Landesjagdver-bandes im Gasthaus Stotzek in Wien-Floridsdorf.<\/p>\n\n\n\n<p><strong>Am <\/strong>2. Mai hatten wir die traurige Pflicht, WK Walter Gr\u00fcbl auf dem Friedhof Neustift am Walde im Kreise seiner Familie und seiner Freunde bei seiner Verabschiedung mit unseren H\u00f6rnern zu begleiten. Waidmannsruh!<\/p>\n\n\n\n<p><strong>Bei <\/strong>der Trauungszeremonie und Taufe des neuen Erdenb\u00fcrgers der Familie Franz und Sabine Jarmic brachten wir vor der Kirche in Weikendorf und bei der anschlie\u00dfenden Agape im Revier Sch\u00f6nfeld einige Signale und Repertoirest\u00fccke zu Geh\u00f6r und danken auf diesem Wege f\u00fcr die gro\u00dfz\u00fcgige Bewirtung!\u00a0<\/p>\n\n\n\n<p><strong>Am <\/strong>10. Juni nahmen wir am Internationalen Jagdhornbl\u00e4ser-Wettbewerb in St. Georgen ob Murau am Fu\u00dfe des Kreischberges teil und erreichten mit einer sehr guten Vorstellung das Leistungsabzeichen in Silber, wobei uns nur wenige Punkte zum &#8222;Goldenen&#8220; gefehlt haben. Den Rest des Tages ver-brachten wir bei sch\u00f6nem Wetter im Alpengasthof Kreuzerh\u00fctte und lie\u00dfen uns nach einer Runde &#8222;Zirbernem&#8220; die herrlichen Schmankerl aus der K\u00fcche sowie das k\u00fchle Murauer Bier munden. Die famili\u00e4re und freundschaftliche Atmosph\u00e4re am S\u00f6lkpass in der wundersch\u00f6nen Steiermark haben wir jedenfalls sehr genossen und bedankten uns bei der Wirtin mit einigen St\u00e4ndchen.<\/p>\n\n\n\n<p><strong>Bei <\/strong>angenehmen, fr\u00fchsommerlichen Bedingungen haben am Abend des 4. Juli wieder zahlreiche G\u00e4ste das Konzert &#8222;Jagdhorngru\u00df an Wien&#8220; im Arkadenhof des Wiener Rathauses besucht. Nach der Begr\u00fc\u00dfung durch den Wiener Landesj\u00e4germeister Norbert Walter, MAS f\u00fchrte LHMN\u00d6 Johann Hayden in bew\u00e4hrter Art und Weise durch das bunte und anspruchsvolle Programm. Die Beitr\u00e4ge der Gruppen aus Wien, Nieder\u00f6sterreich und Tirol sowie als Kontrast der Gardemusik Wien des \u00d6sterreichischen Bundesheeres wurden mit viel Beifall von der Zuh\u00f6rerschaft belohnt. Auf Einladung der Landesjagdverb\u00e4nde Wien und Nieder\u00f6sterreich durften sich anschlie\u00dfend die Musikerinnen und Musiker am Buffet und den k\u00fchlen Getr\u00e4nken erfreuen &#8211; vielen Dank f\u00fcr diese Einladung!<\/p>\n\n\n\n<p><strong>Am <\/strong>29. Juli begr\u00fc\u00dften wir das Brautpaar Herbert Bonka jun. in seinem Gasthaus in Kirchbach im Wienerwald und brachten den zahlreichen G\u00e4sten bei der Hochzeitstafel viele unserer Repertoirest\u00fccke zu Geh\u00f6r.<\/p>\n\n\n\n<p><strong>Auch <\/strong>heuer spielten wir am 26. August wieder beim J\u00e4gerheurigen in Loidesthal auf und erfreuten die vielen Besucher mit unseren jagd-musikalischen Darbietungen. Wildleberk\u00e4se, frischer Sturm und haus-gemachte Mehlspeisen erfreuten auch unsere Herzen!<\/p>\n\n\n\n<p><strong>Am <\/strong>8. September begr\u00fc\u00dften wir abwechselnd mit den anderen Wiener Jagdhornbl\u00e4sergruppen ab 20 Uhr die eintreffenden Ballg\u00e4ste. Die offizielle Er\u00f6ffnung des Balles der Jagd &#8222;Wiener Pirsch&#8220; des Wiener Landesjagd-verbandes bestritten alle Bl\u00e4sergruppen gemeinsam mit dem Signal &#8222;Begr\u00fc\u00dfung&#8220; und dem &#8222;Wiener Landesj\u00e4germarsch&#8220;.<\/p>\n\n\n\n<p><strong>Auf<\/strong> dem Friedhof Wimpassing an der Leitha begleiteten wir am 15. September WK Franz Wolf auf seinem letzten Weg.<\/p>\n\n\n\n<p><strong>Aufgrund<\/strong> der unsicheren Witterungsbedingungen fand am 17. September die 17. J\u00e4gerfeldmesse der Pfarre Klausen-Leopoldsdorf in der Pfarrkirche statt. Bei der anschlie\u00dfenden Agape wurden k\u00f6stliches Wildgulasch, frischer Sturm und hausgemachte Mehlspeisen gereicht. Im Pfarrsaal untermalten wir die Agape mit einigen Kostproben aus unserem reichhaltigen Repertoire.<\/p>\n\n\n\n<p><strong>Am<\/strong> 27. September musizierten wir beim Einzug zum Wiener Wies&#8217;n-Fest im Wiener Prater auf dem Traktorgespann unseres Sponsoring-Partners Gartenbau Hewera GmbH, am Nachmittag spielten wir mehrmals auf der Showb\u00fchne auf.<\/p>\n\n\n\n<p><strong>Auf <\/strong>Einladung der \u00f6rtlichen Jagdgesellschaft nahmen wir am 30. September an der Entenjagd in Waisenegg teil und verbliesen nach dem Ende des Jagdtages die recht ansehnliche Strecke.<\/p>\n\n\n\n<p><strong>Am <\/strong>1. Oktober gratulierten wir JL Franz Wieshaider mit unseren Jagdh\u00f6rnern zu seinem 60. Geburtstag und genossen die b\u00e4uerlichen Schmankerl und den urigen Most.<\/p>\n\n\n\n<p><strong>Auch <\/strong>heuer wurden wir wieder zur traditionellen Hauptjagd in Strallegg eingeladen und begleiteten am 14. Oktober die wirklich zahlreichen Sch\u00fctzen, Treiber und Hunde durch den ganzen wundersch\u00f6nen und interessanten Jagdtag. Beim abendlichen Verblasen der beachtlichen Strecke beim mystischen Schein der Fackeln bekamen nicht nur die \u00e4lteren J\u00e4ger feuchte Augen&#8230;<\/p>\n\n\n\n<div class=\"wp-block-image\"><figure class=\"alignleft size-large\"><img loading=\"lazy\" decoding=\"async\" width=\"119\" height=\"314\" src=\"https:\/\/jhbg-hermannloens.at\/wp-content\/uploads\/2020\/12\/Eva-60-Rolli.jpg\" alt=\"\" class=\"wp-image-306\" srcset=\"https:\/\/jhbg-hermannloens.at\/wp-content\/uploads\/2020\/12\/Eva-60-Rolli.jpg 119w, https:\/\/jhbg-hermannloens.at\/wp-content\/uploads\/2020\/12\/Eva-60-Rolli-114x300.jpg 114w\" sizes=\"auto, (max-width: 119px) 100vw, 119px\" \/><\/figure><\/div>\n\n\n\n<p><strong>Am <\/strong>27. Oktober feierte unsere liebe Eva Jascha mit ihren Jagdkameraden und uns ihren 60. Geburtstag im Gasthaus &#8222;Zur Zuckerfabrik&#8220;. Bereits vor der offiziellen Feier \u00fcberfielen wir die Jubilarin mit einer Puppe und einem speziellen Rollator, kurz nachdem sie der Badewanne entstiegen war. Wir \u00fcberreichten ihr eine Ehrenscheibe und unser Obmann w\u00fcnschte ihr mit launigen Worten alles Gute zu ihrem Ehrentag. Nat\u00fcrlich brachten wir ihr und den zahlreichen G\u00e4sten viele St\u00e4ndchen dar und wir durften ein herrliches Bufett und k\u00f6stliche Tropfen genie\u00dfen. Wir w\u00fcnschen unserer Eva auch an dieser Stelle nochmals alles Liebe und Gute und ein kr\u00e4ftiges Waidmannsheil!<\/p>\n\n\n\n<p><strong>Bei<\/strong> den schon traditionellen Auftritten beim Adventmarkt im Wiener T\u00fcrkenschanzpark am 26. November und 10. Dezember erfreuten wir die vielen Besucher wieder mit unseren M\u00e4rschen, Signalen und Weihnachts-liedern, auch wenn die lauen Temperaturen eine weihnachtliche Stimmung nich so richtig aufkommen lassen wollten. Trotzdem w\u00e4rmten wir uns vorsorglich mit Punsch, Gl\u00fchwein und Gl\u00fchmost auf, um nicht krank zu werden.<\/p>\n\n\n\n<p><strong>Am <\/strong>3. Dezember traten wir beim stimmungsvollen Weihnachtsmarkt in Langenzersdorf gleich neben der Pfarrkirche auf und freuten uns \u00fcber den herzlichen Beifall der Besucher.<\/p>\n\n\n\n<p><strong>Unsere <\/strong>heurige Adventfeier am 13. Dezember im Wintergarten unseres Vereinslokales verlief in gewohnt famili\u00e4rer und harmonischer Atmosph\u00e4re und wir alle genossen die gute Qualit\u00e4t der gereichten Speisen und Getr\u00e4nke sehr!<\/p>\n\n\n\n<p><strong>Das <\/strong>auch heuer wiederum sehr abwechslungsreiche und manchmal auch ein bisschen anstrengende Vereinsjahr lie\u00dfen wir wie auch schon in den Vorjahren am 15. Dezember mit einem Benefizkonzert bei der Punschh\u00fctte des Kiwanis-Clubs Stockerau &#8211; Lenaustadt ausklingen.<\/p>\n\n\n\n<p><strong>Herzlichen Dank f\u00fcr alle Einladungen!&nbsp;<\/strong><\/p>\n","protected":false},"excerpt":{"rendered":"<p>Am 14. Februar geleiteten wir WK Franz Demmermaier nach der feierlichen Einsegnung mit unseren Jagdhornkl\u00e4ngen zu seiner letzten Ruhest\u00e4tte auf dem Friedhof Bisamberg. Waidmannsruh! Auf Einladung der W\u00e4hringer Faschingsgilde begleiteten [&hellip;]<\/p>\n","protected":false},"author":1,"featured_media":0,"comment_status":"closed","ping_status":"open","sticky":false,"template":"","format":"standard","meta":{"footnotes":""},"categories":[9],"tags":[],"class_list":["post-302","post","type-post","status-publish","format-standard","hentry","category-9"],"_links":{"self":[{"href":"https:\/\/jhbg-hermannloens.at\/index.php?rest_route=\/wp\/v2\/posts\/302","targetHints":{"allow":["GET"]}}],"collection":[{"href":"https:\/\/jhbg-hermannloens.at\/index.php?rest_route=\/wp\/v2\/posts"}],"about":[{"href":"https:\/\/jhbg-hermannloens.at\/index.php?rest_route=\/wp\/v2\/types\/post"}],"author":[{"embeddable":true,"href":"https:\/\/jhbg-hermannloens.at\/index.php?rest_route=\/wp\/v2\/users\/1"}],"replies":[{"embeddable":true,"href":"https:\/\/jhbg-hermannloens.at\/index.php?rest_route=%2Fwp%2Fv2%2Fcomments&post=302"}],"version-history":[{"count":2,"href":"https:\/\/jhbg-hermannloens.at\/index.php?rest_route=\/wp\/v2\/posts\/302\/revisions"}],"predecessor-version":[{"id":307,"href":"https:\/\/jhbg-hermannloens.at\/index.php?rest_route=\/wp\/v2\/posts\/302\/revisions\/307"}],"wp:attachment":[{"href":"https:\/\/jhbg-hermannloens.at\/index.php?rest_route=%2Fwp%2Fv2%2Fmedia&parent=302"}],"wp:term":[{"taxonomy":"category","embeddable":true,"href":"https:\/\/jhbg-hermannloens.at\/index.php?rest_route=%2Fwp%2Fv2%2Fcategories&post=302"},{"taxonomy":"post_tag","embeddable":true,"href":"https:\/\/jhbg-hermannloens.at\/index.php?rest_route=%2Fwp%2Fv2%2Ftags&post=302"}],"curies":[{"name":"wp","href":"https:\/\/api.w.org\/{rel}","templated":true}]}}