{"id":308,"date":"2018-01-01T17:10:36","date_gmt":"2018-01-01T16:10:36","guid":{"rendered":"https:\/\/jhbg-hermannloens.at\/?p=308"},"modified":"2021-01-13T15:18:23","modified_gmt":"2021-01-13T14:18:23","slug":"2018","status":"publish","type":"post","link":"https:\/\/jhbg-hermannloens.at\/?p=308","title":{"rendered":"2018"},"content":{"rendered":"\n<div class=\"wp-block-image\"><figure class=\"alignleft size-large\"><img loading=\"lazy\" decoding=\"async\" width=\"235\" height=\"264\" src=\"https:\/\/jhbg-hermannloens.at\/wp-content\/uploads\/2020\/12\/Helbacsi-als-Narr.jpg\" alt=\"\" class=\"wp-image-309\"\/><\/figure><\/div>\n\n\n\n<p><strong>Am<\/strong> 20. Januar begleiteten wir das Narrentreiben der W\u00e4hringer Faschingsgilde und deren G\u00e4ste vom Gersthofer Platz&#8217;l bis zur Kutschkergasse mit unseren Hornkl\u00e4n-gen zum Gaudium der zahlreichen Besucher. Nach der Abschlusskundgebung auf dem Kutschkermarkt labten wir uns in der urigen Heurigenbar &#8222;Oskar&#8220; mit einem k\u00f6stlichen Stockfleisch, Kraut und Serviettenkn\u00f6deln sowie dem einen oder anderen gepflegten Bierchen. Das Schnapstrinken mit Hilfe eines Klistiers m\u00fcssen wir freilich noch ein bisschen \u00fcben&#8230;<br>Unseren verehrten Obmann Helmut Wasser hat \u00fcbrigens der n\u00e4rrische Pfrnak in keiner Weise beim Blasen gest\u00f6rt!<\/p>\n\n\n\n<p><strong>Wie<\/strong> schon vor zwei Jahren haben unsere Damen heuer am 10. M\u00e4rz an dem schon traditionellen Alpin-Biathlon f\u00fcr J\u00e4gerinnen in Kitzb\u00fchel teilgenommen und sich bei der Abfahrt und beim Schie\u00dfen am Ganslernhang wacker geschlagen. Das sportlich-gem\u00fctliche Wochenende wird unseren Teil-nehmerinnen und deren Begleitern noch lange in Erinnerung bleiben!<\/p>\n\n\n\n<p><strong>Auf <\/strong>Einladung der &#8222;Nimrodfreunde&#8220; begleiteten wir am 23. M\u00e4rz deren Ehrenpr\u00e4sidenten Prof. Dr. Erich Kutzer auf dem Friedhof Stammersdorf mit unseren H\u00f6rnern auf seinem letzten Weg.<\/p>\n\n\n\n<div class=\"wp-block-image\"><figure class=\"alignright size-large\"><img loading=\"lazy\" decoding=\"async\" width=\"177\" height=\"314\" src=\"https:\/\/jhbg-hermannloens.at\/wp-content\/uploads\/2020\/12\/Poldl-60.jpg\" alt=\"\" class=\"wp-image-310\" srcset=\"https:\/\/jhbg-hermannloens.at\/wp-content\/uploads\/2020\/12\/Poldl-60.jpg 177w, https:\/\/jhbg-hermannloens.at\/wp-content\/uploads\/2020\/12\/Poldl-60-169x300.jpg 169w\" sizes=\"auto, (max-width: 177px) 100vw, 177px\" \/><\/figure><\/div>\n\n\n\n<p><strong>Am <\/strong>Abend desselben Tages feierte unser Haus- und Hof-Fotograf Leopold Breitschopf seinen 60. Geburtstag mit uns. Seine Gattin Maria verw\u00f6hnte die G\u00e4ste mit einem au\u00dferordentlich k\u00f6stlichen Buffet und s\u00fc\u00dfen Schmankerln, auch die durstigen Kehlen kamen nicht zu kurz. In Vertretung unseres erkrankten Obmannes \u00fcberreichte Obmann-Stellvertreter Hubert Krogger dem Jubilar eine Ehrenscheibe als Zeichen der Wertsch\u00e4tzung und Anerkennung seiner T\u00e4tigkeiten f\u00fcr den Verein.Wir w\u00fcnschen unserem Poldl auch auf diesem Wege ein kr\u00e4ftiges Waidmannsheil! Gefeiert wurde mit H\u00f6rner-, Harmonika-, Gitarrenkl\u00e4ngen und Gesang bis in die fr\u00fchen Morgenstunden&#8230;<\/p>\n\n\n\n<p><strong>Am <\/strong>25. M\u00e4rz ist unser langj\u00e4hriger Ehrenobmann und Tr\u00e4ger des Goldenen Vereinsabzeichens, Ing. Kurt Triulzi, kurz vor seinem 92. Geburtstag im Kreise seiner Familie friedlich eingeschlafen. Wir begleiteten den Ver-blichenen am 29. M\u00e4rz auf dem Friedhof Hietzing auf seinem Weg in die Ewigen Jagdgr\u00fcnde und bliesen ihm ein letztes &#8222;Jagd vorbei, Halali!&#8220;. Wir werden ihm, der 51 Jahre lang unserem Verein als Bl\u00e4ser und Ehrenobmann angeh\u00f6rte, ein ehrendes Andenken bewahren und unsere Anteilnahme geh\u00f6rt seiner Familie. Waidmannsruh, lieber Kurt!<\/p>\n\n\n\n<p><strong>Beim <\/strong>Wiener Landesj\u00e4gertag des Wiener Landesjagdverbandes im &#8222;Kronberger&#8217;s&#8220; in Oberlaa bestritten wir am 13. April gemeinsam mit den Jagdhornbl\u00e4sergruppen &#8222;Leopold Figl&#8220; und &#8222;Unterlaa&#8220; den jagdmusikalischen Teil der Veranstaltung &#8211; Schaublasen, Begr\u00fc\u00dfung, Totengedenken, Verblasen der Jahresstrecke, Ehrungen und zum Abschluss &#8222;Wiener Landesj\u00e4ger-marsch&#8220;.\u00a0<\/p>\n\n\n\n<div class=\"wp-block-image\"><figure class=\"alignleft size-large\"><img loading=\"lazy\" decoding=\"async\" width=\"314\" height=\"211\" src=\"https:\/\/jhbg-hermannloens.at\/wp-content\/uploads\/2020\/12\/Neuhold-und-Mosbacher.jpg\" alt=\"\" class=\"wp-image-311\" srcset=\"https:\/\/jhbg-hermannloens.at\/wp-content\/uploads\/2020\/12\/Neuhold-und-Mosbacher.jpg 314w, https:\/\/jhbg-hermannloens.at\/wp-content\/uploads\/2020\/12\/Neuhold-und-Mosbacher-300x202.jpg 300w\" sizes=\"auto, (max-width: 314px) 100vw, 314px\" \/><\/figure><\/div>\n\n\n\n<p><strong>Am <\/strong>22. April lud der Seniorenbund Strallegg unter seinem Obmann Franz Mosbacher seine Mitglieder zu einer Heiligen Messe in der Pfarrkirche und anschlie\u00dfend zu einem Vortrag mit dem Titel: &#8222;Warum wir heute keine Zeit haben&#8220; von Univ.-Prof. Dr. Leopold Neuhold im Gasthof Peter Mos-bacher ein. Der Vortragende hielt auch die Predigt w\u00e4hrend der von Pfarrer HW Mag. Roman Miesebner zelebrierten Messe. \u00dcber Einladung des Seniorenbundes sorgten wir mit unseren H\u00f6rnern f\u00fcr die musikalische Gestaltung der Me\u00dffeier und die Umrahmung des lehrreichen und launig pr\u00e4sentierten Vortrages. Im Hinblick auf die fr\u00fchsommerlichen Bedingungen und die herzliche Aufnahme durch die \u00f6rtliche Bev\u00f6lkerung werden wir noch lange gerne an diesen sch\u00f6nen Ausflug zur\u00fcckdenken!<\/p>\n\n\n\n<p><strong>Auf <\/strong>Wunsch unseres rekonvaleszenten Obmannes \u00fcbernahm Obm. &#8211; Stv. Hubert Krogger den Vorsitz in der\u00a0Generalversammlung am\u00a024. Mai im Vereinslokal. Nach der Er\u00f6ffnung und Begr\u00fc\u00dfung gedachten wir mit einer Gedenkminute des Ehrenobmannes Ing. Kurt Triulzi und der Gattin des Hornmeisters, Margit Schl\u00f6gl, die beide im vergangenen April von uns gegangen waren. In seinem Bericht blickte Hubert Krogger auf die mehr als 30 Ausr\u00fcckungen im abgelaufenen Vereinsjahr zur\u00fcck und hob hervor, dass wir vermehrt bei Gesellschaftsjagden im Einsatz waren, was auf eine zu-nehmende Pflege des Brauchtums in J\u00e4gerkreisen schlie\u00dfen l\u00e4sst. Nachdem Maria Breitschopf ihre langj\u00e4hrige Funktion der Kassierin zur\u00fcckgelegt hat, wurde Renate Krogger einstimmig zur neuen Kassierin gew\u00e4hlt. Zu ihrer Stellvertreterin wurde Eva Jascha bestellt, zweite Rechnungspr\u00fcferin ist nun DI Magdalena Leitner. Nach dem offiziellen Teil lie\u00dfen wir uns kulinarisch verw\u00f6hnen und genossen die gem\u00fctliche und harmonische Atmosph\u00e4re fast bis zur Sperrstund&#8230;<\/p>\n\n\n\n<div class=\"wp-block-image\"><figure class=\"alignright size-large\"><img loading=\"lazy\" decoding=\"async\" width=\"425\" height=\"336\" src=\"https:\/\/jhbg-hermannloens.at\/wp-content\/uploads\/2020\/12\/Gruppe-mit-LJM-Mayr-Melnhof_1.jpg\" alt=\"\" class=\"wp-image-313\" srcset=\"https:\/\/jhbg-hermannloens.at\/wp-content\/uploads\/2020\/12\/Gruppe-mit-LJM-Mayr-Melnhof_1.jpg 425w, https:\/\/jhbg-hermannloens.at\/wp-content\/uploads\/2020\/12\/Gruppe-mit-LJM-Mayr-Melnhof_1-300x237.jpg 300w\" sizes=\"auto, (max-width: 425px) 100vw, 425px\" \/><\/figure><\/div>\n\n\n\n<p><strong>Am <\/strong>9. und 10. Juni nahmen wir an der 11. Schwei\u00dfsonder- pr\u00fcfung der Steiri-schen Landesj\u00e4ger-schaft in Strallegg teil. Den offiziellen Er\u00f6ffnungsabend am Samstag mit einem Vortrag, einem Jagd-film und der Verlo-sung der F\u00e4hrten-nummern lockerten wir mit Signalen, M\u00e4rschen\u00a0 und Spiel-st\u00fccken auf. Am Sonntag begleiteten wir die bei sonnigen, aber feuchtschw\u00fclen Bedingungen durchgef\u00fchrten Hundepr\u00fcfungen von der Begr\u00fc\u00dfung bis zur Schlussveranstaltung mit Bekanntgabe der Pr\u00fcfungs-ergebnisse. Gepr\u00fcft wurden 43 Hunde 20 verschiedener Rassen aus allen Bezirken der Steiermark. Den jagdmusikalischen Teil der Schlussveran-staltung bestritten wir nach einem z\u00fcnftigen Gewitterregen im Beisein des steirischen Landesj\u00e4germeisters Franz\u00a0Mayr-Melnhof gemeinsam mit Mitgliedern der Jagdhornbl\u00e4sergruppen Birkfeld, Fischbach und Weiz.<\/p>\n\n\n\n<div class=\"wp-block-image\"><figure class=\"alignleft size-large\"><img loading=\"lazy\" decoding=\"async\" width=\"196\" height=\"448\" src=\"https:\/\/jhbg-hermannloens.at\/wp-content\/uploads\/2020\/12\/Luefti-mit-Scheibe.jpg\" alt=\"\" class=\"wp-image-315\" srcset=\"https:\/\/jhbg-hermannloens.at\/wp-content\/uploads\/2020\/12\/Luefti-mit-Scheibe.jpg 196w, https:\/\/jhbg-hermannloens.at\/wp-content\/uploads\/2020\/12\/Luefti-mit-Scheibe-131x300.jpg 131w\" sizes=\"auto, (max-width: 196px) 100vw, 196px\" \/><\/figure><\/div>\n\n\n\n<p><strong>Das <\/strong>Wochenende vom 13. bis 15. Juli verbrachten wir auf Einladung unseres Jubilars Dr. Peter L\u00fcftenegger anl\u00e4sslich seines 70. Geburtstages in seiner Heimatgemeinde Thomatal im Salzburger Lungau. Nach der z\u00fcnftigen Speckjause am Freitag, dem 13. wurde das Eintreffen der G\u00e4ste feuchtfr\u00f6hlich bis in die Morgenstunden gefeiert. Am Samstag \u00fcberreichte Obm.-Stv. Hubert Krogger unserem Jubilar mit launigen Worten die Ehrenscheibe, die am Nachmittag auf dem Schie\u00df-stand der Stachelsch\u00fctzen in Bundschuh mit der Armbrust erfolgreich beschossen wurde. Die jagdmusikalische Untermalung der gem\u00fctlichen Veranstaltung besorgten wir gemeinsam mit der Jagdhornbl\u00e4sergruppe Ramingstein-Thomatal. Anschlie\u00dfend wurden wir von Peter und seiner lieben Gattin Hajnalka kulinarisch verw\u00f6hnt und der wundersch\u00f6ne Tag wurde mit Musik und Gesang bis in die Nachtstunden zelebriert. Ein kr\u00e4ftiges Waidmannsheil und Waidmannsdank f\u00fcr\u00a0die erwiesene Gastfreundschaft!<\/p>\n\n\n\n<div class=\"wp-block-image\"><figure class=\"alignright size-large\"><img loading=\"lazy\" decoding=\"async\" width=\"206\" height=\"314\" src=\"https:\/\/jhbg-hermannloens.at\/wp-content\/uploads\/2020\/12\/Sepp-mit-Scheibe.jpg\" alt=\"\" class=\"wp-image-316\" srcset=\"https:\/\/jhbg-hermannloens.at\/wp-content\/uploads\/2020\/12\/Sepp-mit-Scheibe.jpg 206w, https:\/\/jhbg-hermannloens.at\/wp-content\/uploads\/2020\/12\/Sepp-mit-Scheibe-197x300.jpg 197w\" sizes=\"auto, (max-width: 206px) 100vw, 206px\" \/><\/figure><\/div>\n\n\n\n<p><strong>Am <\/strong>4. August lie\u00dfen wir unseren Jubilar Sepp\u00a0Willegger\u00a0auf dessen Einladung zu seinem 50. Geburtstag im Gasthaus Steiner in Steuerberg bei Feldkirchen in K\u00e4rnten hochleben und \u00fcberreichten ihm eine mit seinem Lieblings-wild bemalte Ehrenscheibe.\u00a0Nach dem &#8222;Geburts-tagsmarsch&#8220; und einigen Spielst\u00fccken wurden wir bei sommerlicher Hitze mit einem ausge-zeichneten K\u00e4rntner Schmankerl-Buffet, reich-lich k\u00fchlem Bier und Sommerg&#8217;spritzten und anschlie\u00dfend mit k\u00f6stlichen, hausgemachten Mehlspeisen verw\u00f6hnt. Der von seinem Vater geleitete M\u00e4nnerchor brachte viele sch\u00f6ne K\u00e4rntner Lieder zum Vortrag, w\u00e4hrend uns seine Gattin Sabine das eine oder andere Schnapserl kredenzte. Nochmals ein kr\u00e4ftiges Waidmanns-heil und Waidmannsdank f\u00fcr die gro\u00dfz\u00fcgige Gastfreundschaft!<\/p>\n\n\n\n<p><strong>Beim <\/strong>J\u00e4gerheurigen in Loidesthal am 25. August sorgten wir auch heuer wieder f\u00fcr die jagdmusikalische Unterhaltung der G\u00e4ste und genossen die Schmankerl aus der Wildk\u00fcche, die k\u00f6stlichen Tropfen der \u00f6rtlichen Winzer und nat\u00fcrlich die herrlichen Mehlspeisen sehr!<\/p>\n\n\n\n<p><strong>Am <\/strong>29. August waren wir bei Familie Breitschopf in Stranzendorf eingeladen,\u00a0Poldls zu seinem 60er \u00fcberreichte Ehrenscheibe zu beschie\u00dfen. Nach getaner Arbeit wurden wir mit einem k\u00f6stlichen Buffet, tollen Mehlspeisen und nat\u00fcrlich edlen Weinen verw\u00f6hnt. Waidmannsdank f\u00fcr diese liebe Einladung!<\/p>\n\n\n\n<div class=\"wp-block-image\"><figure class=\"alignleft size-large\"><img loading=\"lazy\" decoding=\"async\" width=\"314\" height=\"176\" src=\"https:\/\/jhbg-hermannloens.at\/wp-content\/uploads\/2020\/12\/Christine-Jaegerschlag_1.jpg\" alt=\"\" class=\"wp-image-317\" srcset=\"https:\/\/jhbg-hermannloens.at\/wp-content\/uploads\/2020\/12\/Christine-Jaegerschlag_1.jpg 314w, https:\/\/jhbg-hermannloens.at\/wp-content\/uploads\/2020\/12\/Christine-Jaegerschlag_1-300x168.jpg 300w\" sizes=\"auto, (max-width: 314px) 100vw, 314px\" \/><\/figure><\/div>\n\n\n\n<p><strong>Bei <\/strong>der heurigen Entenjagd in Strallegg am 8. September durften wir wieder den sonnigen und warmen Jagdtag mit unseren H\u00f6rnern begleiten und nach dem Ende der Jagd die bunte Strecke verblasen. Unsere Christine wurde vom Jagdleiter feierlich zur Enten-jagerin geschlagen, besonders der dritte Schlag wird ihr sicher noch lange in Erinnerung bleiben! Den Jagdtag lie\u00dfen wir gem\u00fctlich mit einer z\u00fcnftigen Brett&#8217;ljause ausklingen.<\/p>\n\n\n\n<div class=\"wp-block-image\"><figure class=\"alignright size-large\"><img loading=\"lazy\" decoding=\"async\" width=\"314\" height=\"235\" src=\"https:\/\/jhbg-hermannloens.at\/wp-content\/uploads\/2020\/12\/Hirschenbild-1.jpg\" alt=\"\" class=\"wp-image-319\" srcset=\"https:\/\/jhbg-hermannloens.at\/wp-content\/uploads\/2020\/12\/Hirschenbild-1.jpg 314w, https:\/\/jhbg-hermannloens.at\/wp-content\/uploads\/2020\/12\/Hirschenbild-1-300x225.jpg 300w\" sizes=\"auto, (max-width: 314px) 100vw, 314px\" \/><\/figure><\/div>\n\n\n\n<p><strong>Am <\/strong>16. September zelebrierte Dechant Mag. Josef Kantusch die traditionelle J\u00e4gerfeldmesse beim aus dem 18. Jhdt. stammenden Hirschenbild in Klausen-Leopolds-dorf. Wir intonierten die bekannte &#8222;Thomasberger Hubertusmesse&#8220; von\u00a0Prof. Mag. Anton O. Sollfelner, bei der anschlie\u00dfenden Agape brachten wir vor den zahlreichen G\u00e4sten einige Repertoirest\u00fccke zu Geh\u00f6r. Nach getaner Arbeit lie\u00dfen wir uns die gut gew\u00fcrzten Wild-bratw\u00fcrste, den frischen Sturm und k\u00f6stliche Mehlspeisen schmecken.<\/p>\n\n\n\n<p><strong>Am <\/strong>21. September wurde WK Herbert Wiesinger unter gro\u00dfer Anteilnahme seiner Freunde und der \u00f6rtlichen Bev\u00f6lkerung auf dem Friedhof Aspern verabschiedet. Wir durften ihn mit den Signalen &#8222;Jagd vorbei, Halali&#8220; und &#8222;Auf Wiederseh&#8217;n!&#8220; auf seinem letzten Weg begleiten.<\/p>\n\n\n\n<div class=\"wp-block-image\"><figure class=\"alignleft size-large\"><img loading=\"lazy\" decoding=\"async\" width=\"215\" height=\"314\" src=\"https:\/\/jhbg-hermannloens.at\/wp-content\/uploads\/2020\/12\/Fanfare.jpg\" alt=\"\" class=\"wp-image-320\" srcset=\"https:\/\/jhbg-hermannloens.at\/wp-content\/uploads\/2020\/12\/Fanfare.jpg 215w, https:\/\/jhbg-hermannloens.at\/wp-content\/uploads\/2020\/12\/Fanfare-205x300.jpg 205w\" sizes=\"auto, (max-width: 215px) 100vw, 215px\" \/><\/figure><\/div>\n\n\n\n<p><strong>Unser <\/strong>Obmannstellvertreter Hubert Krogger feierte mit seiner Familie, den zahlreichen Freunden und unserer Gruppe am 6. Oktober seinen 60. Geburtstag mit einem eleganten und opulenten Galadinner im Gasthof Mosbacher in Strallegg. Schon am Vorabend \u00fcberraschten wir den Jubilar, indem wir mit einem neuen Hochstand, einem Gebl\u00e4se auf dem Anh\u00e4nger und einer z\u00fcnftigen Jause anr\u00fcckten. Das Hallo war dementsprechend gro\u00df, der Hochstand wurde sogleich erklommen und f\u00fcr gut befunden. Sein Sohn Christian fuhr mit der aus dem D\u00e4mmerschlaf geholten, fachm\u00e4nnisch restaurierten und neu typisierten Honda Gold Wing vor, die nat\u00fcrlich sofort mit kernigem Geknatter ausprobiert wurde. Im Zuge der Geburtstagsfeier \u00fcberreichten wir unserem lieben Hubert eine Ehrenscheibe und die Partitur der von unserem Hornmeister Wilfried Schl\u00f6gl komponierten &#8222;Hubert Krogger-Fanfare&#8220;, die gleich uraufgef\u00fchrt wurde. Unter den Kl\u00e4ngen einer phantastischen Band verlie\u00dfen die letzten G\u00e4ste den wundersch\u00f6nen Event zeitig am Morgen. Mit dem Beschie\u00dfen der Ehrenscheibe mit dem Gro\u00dfen Hahn ging das dreit\u00e4gige Fest am Sonntag nachmittag zu Ende. Herzlichen Waidmannsdank der Familie Krogger f\u00fcr diese mehr als gro\u00dfz\u00fcgige Einladung und nochmals ein kr\u00e4ftiges\u00a0Waidmannheil zum 60er!<\/p>\n\n\n\n<div class=\"wp-block-image\"><figure class=\"alignright size-large\"><img loading=\"lazy\" decoding=\"async\" width=\"235\" height=\"314\" src=\"https:\/\/jhbg-hermannloens.at\/wp-content\/uploads\/2020\/12\/Jaegerball-2018-3-klein_1.jpg\" alt=\"\" class=\"wp-image-321\" srcset=\"https:\/\/jhbg-hermannloens.at\/wp-content\/uploads\/2020\/12\/Jaegerball-2018-3-klein_1.jpg 235w, https:\/\/jhbg-hermannloens.at\/wp-content\/uploads\/2020\/12\/Jaegerball-2018-3-klein_1-225x300.jpg 225w\" sizes=\"auto, (max-width: 235px) 100vw, 235px\" \/><\/figure><\/div>\n\n\n\n<p><strong>Am <\/strong>12. Oktober fand zum zweiten Mal der Ball der Jagd &#8222;Wiener Pirsch&#8220; im Wiener Rathaus statt. Die Wiener Jagdhornbl\u00e4ser-gruppen begr\u00fc\u00dften abwechselnd die eintreffenden G\u00e4ste im Hof und auf der Feststiege. Zur Er\u00f6ffnung wurden unter der Leitung von LHM Wilfried Schl\u00f6gl von allen Gruppen gemeinsam das Signal &#8222;Begr\u00fc\u00dfung&#8220; und der &#8222;Wiener Landesj\u00e4germarsch&#8220; vor-getragen. Der B\u00fcrgermeister der Stadt Wien Dr. Michael Ludwig und LJM Norbert Walter bedankten sich im Laufe des Abends f\u00fcr unsere z\u00fcnftige Darbietung und betonten die Wichtigkeit der Aufrechterhaltung des jagdlichen Brauchtums und besonders der Jagdmusik in der Bundeshauptstadt Wien. Der B\u00fcrgermeister versicherte, dass ihm die Zusammenarbeit der Stadt Wien mit der Land- und Forstwirtschaft sowie den jagdlichen Organen ein echtes Herzensanliegen sei.<\/p>\n\n\n\n<p><strong>Auf<\/strong> Einladung der \u00f6rtlichen J\u00e4gerschaft durften wir am 13. Oktober bei herrlichen Witterungsbedingungen wieder die Hauptjagd in Strallegg begleiten und am Abend die beachtliche Strecke bei stimmungsvollem Fackelschein verblasen.<\/p>\n\n\n\n<p>Auch in den darauffolgenden Wochen durften wir an zahlreichen Herbst-jagden in Nieder\u00f6sterreich und in der Steiermark teilnehmen und jagd-musikalisch begleiten.<\/p>\n\n\n\n<p><strong>Am <\/strong>25. November konnten wir auch heuer wieder die G\u00e4ste des sehr gut besuchten Adventmarktes im Wiener T\u00fcrkenschanzpark mit unseren Jagd-hornkl\u00e4ngen unterhalten und freuten uns \u00fcber den anerkennenden Beifall.<\/p>\n\n\n\n<p><strong>Auf <\/strong>dem gem\u00fctlichen, famili\u00e4ren Weihnachtsmarkt im Hof unseres Probelokales brachten wir am 29. November zugunsten des gemeinn\u00fctzigen Vereines &#8222;kontrakrebs&#8220; Spielst\u00fccke und Weihnachtslieder zu Geh\u00f6r. Dank der Vielfalt der hei\u00dfen Getr\u00e4nke konnte den G\u00e4sten und uns die winterliche K\u00e4lte nichts anhaben.<\/p>\n\n\n\n<p><strong>Am <\/strong>2. Dezember trugen wir auf dem Weihnachtsmarkt in Langenzersdorf unsere Repertoirest\u00fccke und Weihnachtslieder vor und erfreuten damit jene Besucher, die sich vom gefrierenden Nieselregen nicht die Laune verderben lie\u00dfen.<\/p>\n\n\n\n<p><strong>Bei <\/strong>der Adventfeier am 5. Dezember im Vereinslokal wurde zu Beginn der beiden im heurigen Jahr Verstorbenen Margit Schl\u00f6gl und Ing. Kurt Triulzi mit einer Trauerminute gedacht. In seiner Weihnachtsansprache lie\u00df Obmann Helmut Wasser das zu Ende gehende, wieder recht erfolgreiche Vereinsjahr Revue passieren und dankte seinem Stellvertreter Hubert Krogger f\u00fcr die umsichtige Leitung der Gruppe w\u00e4hrend seiner krankheitsbedingten Ab-wesenheit. Wir w\u00fcnschen unserem Obmann auch an dieser Stelle weiterhin gute Genesung! Unser Altobmann Mag. Ortwin G. Wiesinger erhielt eine Ehrenurkunde f\u00fcr seine 20-j\u00e4hrige Mitgliedschaft sowie das Ehrenzeichen in Silber des N\u00d6LJV f\u00fcr seine 25-j\u00e4hrige T\u00e4tigkeit als Jagdhornbl\u00e4ser. Hornmeister Wilfried R. Schl\u00f6gl wurde eine Ehrenurkunde f\u00fcr seine 30-j\u00e4hrige Mitgliedschaft und seine langj\u00e4hrig ausge\u00fcbten Funktionen als Schriftf\u00fchrer, HM-Stellvertreter und seit nunmehr 17 Jahren Hornmeister \u00fcberreicht.<\/p>\n\n\n\n<div class=\"wp-block-image\"><figure class=\"alignleft size-large\"><img loading=\"lazy\" decoding=\"async\" width=\"235\" height=\"278\" src=\"https:\/\/jhbg-hermannloens.at\/wp-content\/uploads\/2020\/12\/Blaeserschlag-Christine_1.jpg\" alt=\"\" class=\"wp-image-323\"\/><\/figure><\/div>\n\n\n\n<figure class=\"wp-block-image size-large\"><img loading=\"lazy\" decoding=\"async\" width=\"235\" height=\"276\" src=\"https:\/\/jhbg-hermannloens.at\/wp-content\/uploads\/2020\/12\/Blaeserschlag-Ernst_1.jpg\" alt=\"\" class=\"wp-image-324\"\/><\/figure>\n\n\n\n<p>Im Anschluss daran wurden wurden Christine Eder und Ing. Ernst Meyer (im Hinblick auf dessen\u00a0\u00a0Wiedereintritt) feierlich zu Jagdhornbl\u00e4sern geschlagen und als ordentliche Mitglieder aufgenommen. Wir begr\u00fc\u00dfen die beiden Kameraden recht herzlich mit einem kr\u00e4ftigen Waidmannsheil!<br>Nachdem wir aus K\u00fcche und Keller von Harry&#8217;s Augustin mit bodenst\u00e4ndigen Schmankerln und erlesenen Tropfen verw\u00f6hnt worden waren, verlie\u00dfen die letzten Mitglieder erst lange nach Mitternacht die gastliche St\u00e4tte und wir werden noch lange an diese w\u00fcrdige und auch lustige Adventfeier zur\u00fcckdenken!<\/p>\n\n\n\n<p><strong>Am <\/strong>8. Dezember erfreuten wir beim schon traditionellen\u00a0Benefizkonzert bei der Punschh\u00fctte des Kiwanis-Clubs Stockerau &#8211; Lenaustadt die zahlreichen Besucher mit unseren Jagdhornkl\u00e4ngen und freuten uns \u00fcber das Interesse und sehr positive Feedback des Publikums.<\/p>\n\n\n\n<p><strong>Aufgrund <\/strong>der winterlichen Bedingungen besuchten am 16. Dezember viele G\u00e4ste und besonders viele Kinder den Adventmarkt im T\u00fcrkenschanzpark. Die von uns intonierten, bekannten Weihnachtslieder wurden teilweise mit viel Begeisterung mitgesungen und wir freuten uns \u00fcber den anerkennenden Beifall der Eltern und Gro\u00dfeltern.<\/p>\n\n\n\n<div class=\"wp-block-image\"><figure class=\"alignleft size-large\"><img loading=\"lazy\" decoding=\"async\" width=\"403\" height=\"269\" src=\"https:\/\/jhbg-hermannloens.at\/wp-content\/uploads\/2020\/12\/Stephanusbild_1.jpg\" alt=\"\" class=\"wp-image-326\" srcset=\"https:\/\/jhbg-hermannloens.at\/wp-content\/uploads\/2020\/12\/Stephanusbild_1.jpg 403w, https:\/\/jhbg-hermannloens.at\/wp-content\/uploads\/2020\/12\/Stephanusbild_1-300x200.jpg 300w\" sizes=\"auto, (max-width: 403px) 100vw, 403px\" \/><\/figure><\/div>\n\n\n\n<p><strong>Am <\/strong>26. Dezember wurde vom N\u00d6 Pferde-sportverband und vom Ersten Hirtenberger Reit- und Fahrverein bei herrlichen Witterungs-bedingungen der f\u00fcnfte Stephaniritt von Fahra- feld nach Schwarzensee durchgef\u00fchrt. Die Seg-nung der Rosse und Gespanne durch Pater \u00c4gydius durften wir auf Einladung des N\u00d6LJV mit unseren H\u00f6rnern begleiten. Nach der Segnung wurde den Pferden Brot und Salz gereicht und in der Kirche unter dem alten Stephanibild\u00a0eine rote Votivkerze\u00a0entz\u00fcndet. Zum Ausklang wurden Wild-wurst, Tee und Gl\u00fchwein gereicht und angeregte Gespr\u00e4che zwischen Reitern und J\u00e4gern gef\u00fchrt, um ein Miteinander dieser beiden Interessensgruppen zu demonstrieren.<\/p>\n\n\n\n<p><strong><em>Herzlichen Dank f\u00fcr alle Einladungen!<\/em><\/strong><\/p>\n","protected":false},"excerpt":{"rendered":"<p>Am 20. Januar begleiteten wir das Narrentreiben der W\u00e4hringer Faschingsgilde und deren G\u00e4ste vom Gersthofer Platz&#8217;l bis zur Kutschkergasse mit unseren Hornkl\u00e4n-gen zum Gaudium der zahlreichen Besucher. Nach der Abschlusskundgebung [&hellip;]<\/p>\n","protected":false},"author":1,"featured_media":0,"comment_status":"closed","ping_status":"open","sticky":false,"template":"","format":"standard","meta":{"footnotes":""},"categories":[10],"tags":[],"class_list":["post-308","post","type-post","status-publish","format-standard","hentry","category-10"],"_links":{"self":[{"href":"https:\/\/jhbg-hermannloens.at\/index.php?rest_route=\/wp\/v2\/posts\/308","targetHints":{"allow":["GET"]}}],"collection":[{"href":"https:\/\/jhbg-hermannloens.at\/index.php?rest_route=\/wp\/v2\/posts"}],"about":[{"href":"https:\/\/jhbg-hermannloens.at\/index.php?rest_route=\/wp\/v2\/types\/post"}],"author":[{"embeddable":true,"href":"https:\/\/jhbg-hermannloens.at\/index.php?rest_route=\/wp\/v2\/users\/1"}],"replies":[{"embeddable":true,"href":"https:\/\/jhbg-hermannloens.at\/index.php?rest_route=%2Fwp%2Fv2%2Fcomments&post=308"}],"version-history":[{"count":5,"href":"https:\/\/jhbg-hermannloens.at\/index.php?rest_route=\/wp\/v2\/posts\/308\/revisions"}],"predecessor-version":[{"id":327,"href":"https:\/\/jhbg-hermannloens.at\/index.php?rest_route=\/wp\/v2\/posts\/308\/revisions\/327"}],"wp:attachment":[{"href":"https:\/\/jhbg-hermannloens.at\/index.php?rest_route=%2Fwp%2Fv2%2Fmedia&parent=308"}],"wp:term":[{"taxonomy":"category","embeddable":true,"href":"https:\/\/jhbg-hermannloens.at\/index.php?rest_route=%2Fwp%2Fv2%2Fcategories&post=308"},{"taxonomy":"post_tag","embeddable":true,"href":"https:\/\/jhbg-hermannloens.at\/index.php?rest_route=%2Fwp%2Fv2%2Ftags&post=308"}],"curies":[{"name":"wp","href":"https:\/\/api.w.org\/{rel}","templated":true}]}}