{"id":328,"date":"2019-01-01T17:29:48","date_gmt":"2019-01-01T16:29:48","guid":{"rendered":"https:\/\/jhbg-hermannloens.at\/?p=328"},"modified":"2021-01-13T15:18:11","modified_gmt":"2021-01-13T14:18:11","slug":"2019","status":"publish","type":"post","link":"https:\/\/jhbg-hermannloens.at\/?p=328","title":{"rendered":"2019"},"content":{"rendered":"\n<p><strong>Am <\/strong>12. und 13. Januar nahmen wir an einem von uns organisierten Jagd-hornbl\u00e4ser-Seminar in V\u00f6sendorf teil und studierten mit unserem Instruktor die St\u00fccke f\u00fcr den heurigen Internationalen N\u00d6 Jagdhornbl\u00e4ser-Wettbewerb ein. Auch die Geh\u00f6r- und Rhythmus-Schulung wurde erfolgreich aufgefrischt.<\/p>\n\n\n\n<p><strong>Auf <\/strong>Einladung der &#8222;Floridsdorfer Weidm\u00e4nner&#8220; verabschiedeten wir am 29. Januar deren verstorbenes Mitglied WK Dr. Gerhard Hosserek auf dem Friedhof Aspern.<\/p>\n\n\n\n<div class=\"wp-block-image\"><figure class=\"alignleft size-large\"><img loading=\"lazy\" decoding=\"async\" width=\"183\" height=\"314\" src=\"https:\/\/jhbg-hermannloens.at\/wp-content\/uploads\/2020\/12\/Scheibe-klein.jpg\" alt=\"\" class=\"wp-image-329\" srcset=\"https:\/\/jhbg-hermannloens.at\/wp-content\/uploads\/2020\/12\/Scheibe-klein.jpg 183w, https:\/\/jhbg-hermannloens.at\/wp-content\/uploads\/2020\/12\/Scheibe-klein-175x300.jpg 175w\" sizes=\"auto, (max-width: 183px) 100vw, 183px\" \/><\/figure><\/div>\n\n\n\n<p><strong>Am <\/strong>22. Februar feierten wir den 70. Geburtstag unseres Hornmeisters Wilfried Schl\u00f6gl im Streiterhof in Baden. In krankheitsbedingter Abwesenheit unseres Obmannes Helmut Wasser \u00fcberreichte sein Stellvertreter Hubert Krogger dem Jubilar einen von allen Mitgliedern gef\u00fcllten, riesigen Geschenkkorb mit ausgew\u00e4hlten Tropfen. Anschlie\u00dfend wurde die zu diesem Anlass von N\u00d6LHM Prof. Johann Hayden komponierte &#8222;Wilfried Schl\u00f6gl-Fanfare&#8220; uraufgef\u00fchrt und die handge-schriebene Originalpartitur \u00fcbergeben. Das rustikale Buffet fand ebenso Zuspruch wie die Darbietung des &#8222;Lustigen Hermann&#8220;, der die Lachmuskeln ordentlich strapazierte.Ein weiterer H\u00f6hepunkt war die \u00dcberreichung einer wunder-sch\u00f6nen Ehrenscheibe, die im Anschluss daran von allen Anwesenden bravour\u00f6s beschossen wurde. Einige Unentwegte lie\u00dfen den Abend bis lange nach Mitternacht mit Gitarrenkl\u00e4ngen und Gesang gem\u00fctlich ausklingen.<\/p>\n\n\n\n<p><strong>Die <\/strong>heurige Generalversammlung fand am 7. M\u00e4rz in unserem Vereinslokal statt. In krankheitsbedingter Abwesenheit unseres Obmannes Helmut Wasser leitete sein Stellvertreter Hubert Krogger die Versammlung souver\u00e4n und in angenehmer, famili\u00e4rer Atmosph\u00e4re. Die durchaus erfreulichen Berichte des Obmannstellvertreters, der Kassierin, des Schriftf\u00fchrers und Hornmeisters wurden von den Anwesenden wohlwollend akklamiert. Bei der nachfolgenden Wahl wurden die bisherigen Mitglieder der Vereinsleitung f\u00fcr weitere zwei Jahre wiederbestellt. Nach dem offiziellen Teil lie\u00dfen wir den Abend bei gewohnt guter Verpflegung gem\u00fctlich ausklingen.<\/p>\n\n\n\n<div class=\"wp-block-image\"><figure class=\"alignright size-large\"><img loading=\"lazy\" decoding=\"async\" width=\"206\" height=\"314\" src=\"https:\/\/jhbg-hermannloens.at\/wp-content\/uploads\/2020\/12\/Karin-50-1.jpg\" alt=\"\" class=\"wp-image-330\" srcset=\"https:\/\/jhbg-hermannloens.at\/wp-content\/uploads\/2020\/12\/Karin-50-1.jpg 206w, https:\/\/jhbg-hermannloens.at\/wp-content\/uploads\/2020\/12\/Karin-50-1-197x300.jpg 197w\" sizes=\"auto, (max-width: 206px) 100vw, 206px\" \/><\/figure><\/div>\n\n\n\n<p><strong>Unsere <\/strong>liebe Karin Hofer feierte am 23. M\u00e4rz mit ihrer Familie, ihren Freunden und uns ihren 50. Geburtstag beim Heurigen Kaiser in Auersthal. Nach den einleitenden Signalen und\u00a0der Begr\u00fc\u00dfung durch die Jubilarin wurden wir mit einem ausgezeichneten Buffet und erlesenen Sch\u00e4tzen aus dem Keller verw\u00f6hnt. Unser Obmann-Stellvertreter Hubert Krogger \u00fcber-reichte dem Geburtagskind die von uns ge-spendete Ehrenscheibe mit der mit Pfeil und Bogen jagenden Diana. Zwischen lustigen Vor-tr\u00e4gen und Spielen mehrerer G\u00e4ste sorgte eine Abordnung des Musikvereines Auersthal, dem die Jubilarin auch angeh\u00f6rt, f\u00fcr die z\u00fcnftige musikalische Umrahmung. Zu den Kl\u00e4ngen der Blasmusik wurde auch flei\u00dfig das Tanzbein geschwungen, ehe sich das gem\u00fctliche Fest in den fr\u00fchen Morgenstunden dem Ende zuneigte. Herzlichen Waidmannsdank f\u00fcr diese Einladung und wir w\u00fcnschen unserer Karin auch weiterhin noch viele sch\u00f6ne Erlebnisse beim Musizieren und auf der Jagd!<\/p>\n\n\n\n<p><strong>Am <\/strong>28. M\u00e4rz begleiteten wir mit unseren H\u00f6rnern WK Helmut Raab, Tierpr\u00e4parator, unter gr\u00f6\u00dfter Anteilnahme seiner vielen Freunde, Waid-kameraden und Kunden auf dem Friedhof Wien &#8211; Baumgarten auf seinem letzten Weg. Waidmannsruh, lieber Helmut!<\/p>\n\n\n\n<p><strong>Unsere <\/strong>Vereinsmeisterschaft im jagdlichen Schie\u00dfen fand am 30. M\u00e4rz bei optimalen\u00a0Witterungsbedingungen in der OMV-Schie\u00dfanlage der Sch\u00fctzen-gilde Prottes statt. Die Veranstaltung war durch Schie\u00dfleiter Hubert Demmer perfekt organisiert und lief in gr\u00f6\u00dfter Disziplin und unfallfrei ab. Vereins-meister wurde Obmann-Stellvertreter Hubert Krogger, 177 Punkte, vor Christine Eder und Ronald Zobel, jeweils 152 Punkte, Christine hatte aber die h\u00f6here Punkteanzahl auf den laufenden Keiler erreicht. Ergebnis Herren:<br>1. Hubert Krogger, 2. Ronald Zobel, 3. Christian Schuckert; Ergebnis Damen: 1. Christine Eder, 2. Karin Hofer, 3. Renate Krogger. Wir gratulieren den siegreichen Teilnehmern\/innen recht herzlich mit einem kr\u00e4ftigen Sch\u00fctzenheil!<\/p>\n\n\n\n<div class=\"wp-block-image\"><figure class=\"alignleft size-large\"><img loading=\"lazy\" decoding=\"async\" width=\"298\" height=\"235\" src=\"https:\/\/jhbg-hermannloens.at\/wp-content\/uploads\/2020\/12\/Eva-Scheibe.jpg\" alt=\"\" class=\"wp-image-331\"\/><\/figure><\/div>\n\n\n\n<p>Nach dem Schie\u00dfen nahmen wir die Einladung unserer Eva Jascha gerne an, ihre von uns zu ihrem 60er gespendete Ehrenscheibe zu be-schie\u00dfen. Nach getaner &#8222;Arbeit&#8220; ver-w\u00f6hnte uns die Gastgeberin mit ge-backenen und gebratenen K\u00f6stlich-keiten vom Wildschwein und anderen Schmankerln sowie hervorragenden Tropfen aus ihrem wohlsortierten Keller. Wir entbieten unserer lieben Eva f\u00fcr den wundersch\u00f6nen Aus-klang dieses herrlichen Tages und Abends einen kr\u00e4ftigen Waidmannsdank!<\/p>\n\n\n\n<p><strong>Am <\/strong>2. April begleiteten wir mit unseren H\u00f6rnern WK Franz Aigner auf dem Friedhof Kaiser-Ebersdorf auf dem Weg zu seiner letzten Ruhest\u00e4tte. Waidmannsruh!<\/p>\n\n\n\n<p><strong>Auf <\/strong>dem Friedhof Kagran verabschiedeten wir am 24. April WK Leopold Eichinger und am 3. Mai WK Heinz Somerauer in der Feuerhalle Simmering mit unseren H\u00f6rnern in die Ewigen Jagdgr\u00fcnde. Waidmannsruh!<\/p>\n\n\n\n<p><strong>Am <\/strong>17. Mai fand der Wiener Landesj\u00e4gertag im Festsaal des Alten Rathauses statt, wo vor 70 Jahren der Wiener Landesjagdverband gegr\u00fcndet worden war. Alle Wiener Jagdhornbl\u00e4sergruppen sorgten unter der Leitung von LHM Wilfried Schl\u00f6gl f\u00fcr die jagdmusikalische Umrahmung der festlichen Veranstaltung, an der zahlreiche prominente G\u00e4ste aus Politik, Land- und Forstwirtschaft, Kirche und nat\u00fcrlich dem Bereich der Jagd teilnahmen. Beim anschlie\u00dfenden Buffet wurden alle Teilnehmer mit k\u00f6stlichen Wild-schmankerln und Desserts sowie mit erlesenen Weinen verw\u00f6hnt. Herzlichen Waidmannsdank dem Wiener Landesj\u00e4germeister f\u00fcr diese Einladung!<\/p>\n\n\n\n<p><strong>Am <\/strong>12. Juni begleiteten wir WK Gerhard Lexa auf dem Friedhof Kagran mit unseren H\u00f6rnern zu seiner letzten Ruhest\u00e4tte. Waidmannsruh!<\/p>\n\n\n\n<div class=\"wp-block-image\"><figure class=\"alignleft size-large\"><img loading=\"lazy\" decoding=\"async\" width=\"244\" height=\"403\" src=\"https:\/\/jhbg-hermannloens.at\/wp-content\/uploads\/2020\/12\/Kapelle-Waisenegg.jpg\" alt=\"\" class=\"wp-image-333\" srcset=\"https:\/\/jhbg-hermannloens.at\/wp-content\/uploads\/2020\/12\/Kapelle-Waisenegg.jpg 244w, https:\/\/jhbg-hermannloens.at\/wp-content\/uploads\/2020\/12\/Kapelle-Waisenegg-182x300.jpg 182w\" sizes=\"auto, (max-width: 244px) 100vw, 244px\" \/><\/figure><\/div>\n\n\n\n<p><strong>Als <\/strong>\u00dcberraschung begr\u00fc\u00dften wir bei strah-lendem Sonnenschein und fr\u00fchsommer-lichen Temperaturen am 15. Juni\u00a0das Brautpaar Markus und Carmen Schweiger nach der Trauungszeremonie in der Kapelle zu Waisenegg mit unseren Hornkl\u00e4ngen und spielten einige St\u00e4ndchen zur gem\u00fctlichen Agape. Wir w\u00fcnschen den Frischverm\u00e4hlten viel Gl\u00fcck, Gottes Segen und ein kr\u00e4ftiges Waidmannsheil!<\/p>\n\n\n\n<p><\/p>\n\n\n\n<p><strong>Das <\/strong>Wochenende vom 21. bis 23. Juni verbrachten wir in der N\u00e4he von Wieselburg. Am Samstag traten wir beim 50. N\u00d6 Jagdhornbl\u00e4ser-Wettbewerb im Schloss Weinzierl an und gewannen mit einer guten Darbietung das Leistungsabzeichen in Silber. Wir alle genossen die famili\u00e4re, harmonische Atmosph\u00e4re und die Abende im Gasthof Bruckner, wo wir uns mit Schmankerln aus der regionalen K\u00fcche und erlesenen Tropfen aus dem Keller und nat\u00fcrlich mit dem einen oder anderen k\u00fchlen &#8222;Wieselburger&#8220; verw\u00f6hnen lie\u00dfen.<\/p>\n\n\n\n<p><strong>Am <\/strong>11. Wiener Jagdhornkonzert &#8222;Jagdhorngru\u00df an Wien&#8220; am 2. Juli auf dem Wiener Rathausplatz nahmen sechs Wiener Jagdhornbl\u00e4sergruppen, drei Gastgruppen aus Ober\u00f6sterreich und die BOKU Blaskapelle teil. Marlies Mayer f\u00fchrte charmant und souver\u00e4n durch das bunte Programm,\u00a0f\u00fcr den reibungs-losen Ablauf und die musikalische Leitung der gemeinsam vorgetragenen St\u00fccke sorgte LHM Wilfried Schl\u00f6gl, die BOKU Blasmusik dirigierte KpmStv. Wolfgang Kastenhuber.<\/p>\n\n\n\n<div class=\"wp-block-image\"><figure class=\"alignright size-large\"><img loading=\"lazy\" decoding=\"async\" width=\"336\" height=\"372\" src=\"https:\/\/jhbg-hermannloens.at\/wp-content\/uploads\/2020\/12\/Ehrenzeichen.jpg\" alt=\"\" class=\"wp-image-334\" srcset=\"https:\/\/jhbg-hermannloens.at\/wp-content\/uploads\/2020\/12\/Ehrenzeichen.jpg 336w, https:\/\/jhbg-hermannloens.at\/wp-content\/uploads\/2020\/12\/Ehrenzeichen-271x300.jpg 271w\" sizes=\"auto, (max-width: 336px) 100vw, 336px\" \/><\/figure><\/div>\n\n\n\n<p><strong>LJM <\/strong>Norbert Walter, MAS durfte wieder zahlreiche Ehreng\u00e4ste aus Wien und anderen Bundes-l\u00e4ndern begr\u00fc\u00dfen, die sich von den dargebotenen Leistungen der Musikerinnen und Musiker sichtlich beeindruckt zeigten. Gegen Ende der Veranstaltung \u00fcberreichte der Landesj\u00e4ger-meister im Beisein der Herren LJM-Stv. Georg Andr\u00e4 und FD OSR DI Andreas Januskovecz\u00a0 HM Wilfried Schl\u00f6gl anl\u00e4sslich des 50-j\u00e4hrigen Bestandsjubi-l\u00e4ums der JHBG &#8222;Hermann L\u00f6ns&#8220; ein neu kreiertes Ab-zeichen des Wiener Landesjagd-verbandes. Den von Gewitter und Regen verschonten Abend lie\u00dfen wir im Rathauskeller ausklingen, wo es erwartungsgem\u00e4\u00df weniger trocken zuging. Wir danken dem WLJV und seinen Organen f\u00fcr diese gro\u00dfz\u00fcgige Einladung!<\/p>\n\n\n\n<p><strong>Am <\/strong>24. August spielten wir auf Einladung der \u00f6rtlichen J\u00e4gerschaft wieder beim allj\u00e4hrlichen J\u00e4gerheurigen in Loidesthal auf und unterhielten die zahlreichen G\u00e4ste an diesem lauen Sommerabend mit unserem H\u00f6rnerklang.<\/p>\n\n\n\n<p><strong>Bei <\/strong>der traditionellen Entenjagd in Waisenegg am 7. September durften wir eine beachtliche Strecke von 50 Enten verblasen. Unser Jagdleiter Hubert Krogger konnte f\u00fcnf Jungj\u00e4ger und eine Jungj\u00e4gerin feierlich zu Entenj\u00e4gern schlagen.<\/p>\n\n\n\n<div class=\"wp-block-image\"><figure class=\"aligncenter size-large\"><img loading=\"lazy\" decoding=\"async\" width=\"448\" height=\"240\" src=\"https:\/\/jhbg-hermannloens.at\/wp-content\/uploads\/2020\/12\/Entenjagd-Waisenegg.jpg\" alt=\"\" class=\"wp-image-335\" srcset=\"https:\/\/jhbg-hermannloens.at\/wp-content\/uploads\/2020\/12\/Entenjagd-Waisenegg.jpg 448w, https:\/\/jhbg-hermannloens.at\/wp-content\/uploads\/2020\/12\/Entenjagd-Waisenegg-300x161.jpg 300w\" sizes=\"auto, (max-width: 448px) 100vw, 448px\" \/><\/figure><\/div>\n\n\n\n<p><strong>Am <\/strong>10. September begr\u00fc\u00dften wir mit unseren Jagdhornkl\u00e4ngen beim Mayer am Pfarrplatz eine ansehnliche Reisegruppe aus den Vereinigten Staaten von Amerika, die einen &#8222;rustikalen Abend&#8220; in gem\u00fctlicher Atmosph\u00e4re genie\u00dfen konnten.<\/p>\n\n\n\n<p><strong>Bereits <\/strong>zum 19. Mal begleiteten wir auf Einladung der \u00f6rtlichen J\u00e4gerschaft bei sp\u00e4tsommerlichem Wetter die Hubertusmesse bei der Hirschenkapelle in Klausen-Leopoldsdorf. Wir gratulierten bei dieser Gelegenheit recht herzlich Dechant Mag. Josef Kantusch zu seinem 25-j\u00e4hrigen Priesterjubil\u00e4um und B\u00fcrgermeister Herbert Lameraner zu seinem 70. Geburtstag. Bei der nachfolgenden Agape wurden die Besucher mit einem ausgezeichneten Hirschgulasch, frischem Sturm und k\u00f6stlichen Mehlspeisen verw\u00f6hnt.<\/p>\n\n\n\n<div class=\"wp-block-image\"><figure class=\"aligncenter size-large\"><img loading=\"lazy\" decoding=\"async\" width=\"448\" height=\"252\" src=\"https:\/\/jhbg-hermannloens.at\/wp-content\/uploads\/2020\/12\/Nikolai-Kapelle.jpg\" alt=\"\" class=\"wp-image-336\" srcset=\"https:\/\/jhbg-hermannloens.at\/wp-content\/uploads\/2020\/12\/Nikolai-Kapelle.jpg 448w, https:\/\/jhbg-hermannloens.at\/wp-content\/uploads\/2020\/12\/Nikolai-Kapelle-300x169.jpg 300w\" sizes=\"auto, (max-width: 448px) 100vw, 448px\" \/><\/figure><\/div>\n\n\n\n<p>Pater Michael vom Stift Altenburg zelebrierte am 19. September die Hl. Messe bei der traditionellen Eustachiusfeier des WLJV bei der Nikolai-Kapelle im Lainzer Tiergarten. Wir begleiteten den Gottesdienst mit der &#8222;Thomasberger Hubertusmesse&#8220; von Prof. Mag. Anton O. Sollfelner. Bei der nachfolgenden Agape beim Nikolaitor wurden auf Einladung des WLJV Brot und Wein gereicht, wodurch der Abend einen stimmungsvollen Ausklang fand.<\/p>\n\n\n\n<div class=\"wp-block-image\"><figure class=\"alignright size-large\"><img loading=\"lazy\" decoding=\"async\" width=\"235\" height=\"309\" src=\"https:\/\/jhbg-hermannloens.at\/wp-content\/uploads\/2020\/12\/Traktor.jpg\" alt=\"\" class=\"wp-image-337\" srcset=\"https:\/\/jhbg-hermannloens.at\/wp-content\/uploads\/2020\/12\/Traktor.jpg 235w, https:\/\/jhbg-hermannloens.at\/wp-content\/uploads\/2020\/12\/Traktor-228x300.jpg 228w\" sizes=\"auto, (max-width: 235px) 100vw, 235px\" \/><\/figure><\/div>\n\n\n\n<p><strong>Am <\/strong>2. Oktober ritten wir auf einem von einem altehrw\u00fcrdigen Steyr 26er gezogenen, blumengeschm\u00fcckten Gespann der G\u00e4rtnerei Hewera beim Wiener Wies&#8217;n-Fest ein. Nach-dem wir uns im G\u00f6sser Zelt gelabt hatten, spielten wir auf der Billa-B\u00fchne zahlreiche M\u00e4rsche, Fanfaren und Spielst\u00fccke aus unserem umfangreichen Repertoire. Trotz des str\u00f6menden Regens lie\u00dfen wir uns die Stimmung nicht verderben und einige von uns feierten noch bis in die sp\u00e4ten Abend-stunden&#8230;<\/p>\n\n\n\n<p><strong>Auf <\/strong>Einladung des Vereines &#8222;Gr\u00fcnes Kreuz&#8220; begr\u00fc\u00dften wir am 3. Oktober in Anwesenheit unz\u00e4hliger Touristen aus aller Welt die Besucher der Hubertusmesse auf dem Stephansplatz. Aufgrund der hohen Polizeipr\u00e4senz unterblieben diesmal akustische St\u00f6rungen durch sogenannte Tiersch\u00fctzer.<\/p>\n\n\n\n<div class=\"wp-block-image\"><figure class=\"aligncenter size-large\"><img loading=\"lazy\" decoding=\"async\" width=\"448\" height=\"252\" src=\"https:\/\/jhbg-hermannloens.at\/wp-content\/uploads\/2020\/12\/Stephansplatz-2019-3_2.jpg\" alt=\"\" class=\"wp-image-338\" srcset=\"https:\/\/jhbg-hermannloens.at\/wp-content\/uploads\/2020\/12\/Stephansplatz-2019-3_2.jpg 448w, https:\/\/jhbg-hermannloens.at\/wp-content\/uploads\/2020\/12\/Stephansplatz-2019-3_2-300x169.jpg 300w\" sizes=\"auto, (max-width: 448px) 100vw, 448px\" \/><\/figure><\/div>\n\n\n\n<p>Im Anschluss an die wundersch\u00f6ne Hubertusmesse im Dom geleiteten wir mit unseren Kl\u00e4ngen die Besucher auf ihrem Weg ins Curhaus, wo es k\u00f6stliche Wildschmankerln und edle Weine zu verkosten gab.<\/p>\n\n\n\n<p><strong>Am <\/strong>12. Oktober durften wir wieder die Hauptjagd in Strallegg bei herrlichem Herbstwetter mit unseren H\u00f6rnern begleiten. Nach einem aufgrund etlicher Fu\u00dfm\u00e4rsche recht anstrengenden Tag konnten wir am Abend die beachtliche Strecke von 23 Rehen, zwei F\u00fcchsen und einem Dachs verblasen und tottrinken.<\/p>\n\n\n\n<p><strong>Am <\/strong>23. Oktober er\u00f6ffneten wir mit unseren H\u00f6rnern die &#8222;Hubertusnacht&#8220; im Feuerdorf am Donaukanal und durften uns auf Einladung der Gastronomen am herrlichen Wild-Grillbuffet und erlesenen Tropfen delektieren.<\/p>\n\n\n\n<div class=\"wp-block-image\"><figure class=\"alignleft size-large\"><img loading=\"lazy\" decoding=\"async\" width=\"202\" height=\"314\" src=\"https:\/\/jhbg-hermannloens.at\/wp-content\/uploads\/2020\/12\/Ortwin-80-klein.jpg\" alt=\"\" class=\"wp-image-340\" srcset=\"https:\/\/jhbg-hermannloens.at\/wp-content\/uploads\/2020\/12\/Ortwin-80-klein.jpg 202w, https:\/\/jhbg-hermannloens.at\/wp-content\/uploads\/2020\/12\/Ortwin-80-klein-193x300.jpg 193w\" sizes=\"auto, (max-width: 202px) 100vw, 202px\" \/><\/figure><\/div>\n\n\n\n<p><strong>Unser <\/strong>Altobmann Mag. Ortwin Wiesinger feierte im vergangenen Oktober seinen 80. Geburtstag. Aus diesem Anlass \u00fcberreichte ihm Obmann-Stellvertreter Hubert Krogger eine Ehrenscheibe, auf der er mit seinem braven 80er-Bock zu sehen ist, worauf sich der Jubilar h\u00f6chst erfreut zeigte. Als Dank lud er uns zu Speis&#8216; und Trank im Vereinslokal ein und wir w\u00fcnschen unserem Ortwin noch viele gesunde Jahre und so manches sch\u00f6ne Jagderlebnis. Waidmannsheil!<\/p>\n\n\n\n<div class=\"wp-block-image\"><figure class=\"alignright size-large\"><img loading=\"lazy\" decoding=\"async\" width=\"314\" height=\"216\" src=\"https:\/\/jhbg-hermannloens.at\/wp-content\/uploads\/2020\/12\/Buschen-verbrennen-klein.jpg\" alt=\"\" class=\"wp-image-341\" srcset=\"https:\/\/jhbg-hermannloens.at\/wp-content\/uploads\/2020\/12\/Buschen-verbrennen-klein.jpg 314w, https:\/\/jhbg-hermannloens.at\/wp-content\/uploads\/2020\/12\/Buschen-verbrennen-klein-300x206.jpg 300w\" sizes=\"auto, (max-width: 314px) 100vw, 314px\" \/><\/figure><\/div>\n\n\n\n<p><strong>Auf <\/strong>Einladung des Besitzers des Weingutes am Fu\u00dfe des Bisam-berges, LJM Norbert Walter, MAS durften wir am 10. November die zahlreichen G\u00e4ste anl\u00e4sslich des traditionellen Verbrennens des Heurigenbuschens mit den Kl\u00e4ngen unserer Jagdh\u00f6rner begr\u00fc\u00dfen und die stimmungsvolle Zeremonie begleiten. Den Abend lie\u00dfen wir im angenehm warmen Zelt mit k\u00f6stlichen Schmankerln und dem hauseigenen DAC gem\u00fctlich ausklingen. Waidmannsdank f\u00fcr die gro\u00dfz\u00fcgige Einladung!<\/p>\n\n\n\n<p><strong>Am<\/strong> 24. November musizierten wir wieder auf dem Adventmarkt im Wiener T\u00fcrkenschanzpark und brachten den zahlreichen Besuchern ausgew\u00e4hlte St\u00fccke aus unserem umfangreichen Repertoire zu Geh\u00f6r. Durch die Vielfalt der angebotenen hei\u00dfen Getr\u00e4nke konnte uns der stellenweise scharfe Wind nichts anhaben und wir lie\u00dfen den Nachmittag gem\u00fctlich ausklingen.<\/p>\n\n\n\n<p>Unsere Auftritte auf dem Adventmarkt im Wiener T\u00fcrkenschanzpark haben bereits eine jahrelange Tradition. Am 24. November unterhielten wir wieder die sehr zahlreichen Besucher und die vielen Kinder mit unserem H\u00f6rner-klang.<\/p>\n\n\n\n<p><strong>Am<\/strong> 1. Dezember traten wir erstmals auf Einladung des Vereines &#8222;Leiwandes Simmering&#8220; vor der imposanten Pfarrkirche auf dem Enkplatz auf und erfreuten die trotz Nieselregens gekommenen Besucher dieses gem\u00fctlichen Christkindlmarktes.<\/p>\n\n\n\n<p>Auch zum Musizieren auf dem Adventkunstmarkt in Langenzersdorf waren wir wieder eingeladen und freuten uns \u00fcber den Beifall der G\u00e4ste sowie die angesichts der erstmalig winterlichen Au\u00dfentemperatur wohltuenden hei\u00dfen Getr\u00e4nke.<\/p>\n\n\n\n<p><strong>Am <\/strong>4. Dezember hielten wir unsere Adventfeier im Vereinslokal ab. Nach den Ansprachen des Obmannes und seines Stellvertreters widmeten wir uns den leiblichen Gen\u00fcssen und lie\u00dfen den Abend gem\u00fctlich ausklingen.<\/p>\n\n\n\n<p><strong>Wie <\/strong>schon vor zwei Wochen durften wir am 8. Dezember wieder im T\u00fcrken-schanzpark aufspielen. Aufgrund des milden Wetters waren diesmal beson-ders viele Besucher gekommen, die uns durch ihren Beifall und aner-kennenden Zuspruch ebenso viel Freude bereiteten wie die vielen Kinder, die mitgesungen und getanzt haben.<\/p>\n\n\n\n<p><strong>Am <\/strong>22. Dezember spielten wir wieder bei der Punschh\u00fctte des Kiwanis-Clubs Lenaustadt in Stockerau unsere Spielst\u00fccke und Weihnachtslieder. Der w\u00e4hrend dieser Benefizveranstaltung einsetzende Regen konnte die festliche Stimmung nicht tr\u00fcben und der k\u00f6stliche Schilcherpunsch lie\u00df uns die widrigen Wetterbedingungen vergessen&#8230;<\/p>\n\n\n\n<div class=\"wp-block-image\"><figure class=\"aligncenter size-large\"><img loading=\"lazy\" decoding=\"async\" width=\"314\" height=\"232\" src=\"https:\/\/jhbg-hermannloens.at\/wp-content\/uploads\/2020\/12\/Stephani-Ritt-2019-klein.jpg\" alt=\"\" class=\"wp-image-342\" srcset=\"https:\/\/jhbg-hermannloens.at\/wp-content\/uploads\/2020\/12\/Stephani-Ritt-2019-klein.jpg 314w, https:\/\/jhbg-hermannloens.at\/wp-content\/uploads\/2020\/12\/Stephani-Ritt-2019-klein-300x222.jpg 300w\" sizes=\"auto, (max-width: 314px) 100vw, 314px\" \/><\/figure><\/div>\n\n\n\n<p><strong>Am <\/strong>26. Dezember wurde vom N\u00d6. Pferdesportverband und vom Ersten Hirtenberger Reit- und Fahrverein bei recht frischen Witterungsbedingungen wieder der Stephaniritt von Fahrafeld nach Schwarzensee durchgef\u00fchrt. Die Segnung der Rosse und Gespanne durch Pater \u00c4gydius durften wir auf Einladung des N\u00d6LJV mit unseren H\u00f6rnern begleiten. Nach der Segnung wurde den Pferden Brot und Salz gereicht und in der Kirche unter dem alten Stephanibild\u00a0eine rote Votivkerze\u00a0entz\u00fcndet. Zum Ausklang wurden Auf-strichbrote, Tee und Gl\u00fchwein gereicht.\u00a0<\/p>\n\n\n\n<p><strong>Herzlichen Dank f\u00fcr alle Einladungen!<\/strong><\/p>\n","protected":false},"excerpt":{"rendered":"<p>Am 12. und 13. Januar nahmen wir an einem von uns organisierten Jagd-hornbl\u00e4ser-Seminar in V\u00f6sendorf teil und studierten mit unserem Instruktor die St\u00fccke f\u00fcr den heurigen Internationalen N\u00d6 Jagdhornbl\u00e4ser-Wettbewerb ein. [&hellip;]<\/p>\n","protected":false},"author":1,"featured_media":0,"comment_status":"closed","ping_status":"open","sticky":false,"template":"","format":"standard","meta":{"footnotes":""},"categories":[11],"tags":[],"class_list":["post-328","post","type-post","status-publish","format-standard","hentry","category-11"],"_links":{"self":[{"href":"https:\/\/jhbg-hermannloens.at\/index.php?rest_route=\/wp\/v2\/posts\/328","targetHints":{"allow":["GET"]}}],"collection":[{"href":"https:\/\/jhbg-hermannloens.at\/index.php?rest_route=\/wp\/v2\/posts"}],"about":[{"href":"https:\/\/jhbg-hermannloens.at\/index.php?rest_route=\/wp\/v2\/types\/post"}],"author":[{"embeddable":true,"href":"https:\/\/jhbg-hermannloens.at\/index.php?rest_route=\/wp\/v2\/users\/1"}],"replies":[{"embeddable":true,"href":"https:\/\/jhbg-hermannloens.at\/index.php?rest_route=%2Fwp%2Fv2%2Fcomments&post=328"}],"version-history":[{"count":3,"href":"https:\/\/jhbg-hermannloens.at\/index.php?rest_route=\/wp\/v2\/posts\/328\/revisions"}],"predecessor-version":[{"id":343,"href":"https:\/\/jhbg-hermannloens.at\/index.php?rest_route=\/wp\/v2\/posts\/328\/revisions\/343"}],"wp:attachment":[{"href":"https:\/\/jhbg-hermannloens.at\/index.php?rest_route=%2Fwp%2Fv2%2Fmedia&parent=328"}],"wp:term":[{"taxonomy":"category","embeddable":true,"href":"https:\/\/jhbg-hermannloens.at\/index.php?rest_route=%2Fwp%2Fv2%2Fcategories&post=328"},{"taxonomy":"post_tag","embeddable":true,"href":"https:\/\/jhbg-hermannloens.at\/index.php?rest_route=%2Fwp%2Fv2%2Ftags&post=328"}],"curies":[{"name":"wp","href":"https:\/\/api.w.org\/{rel}","templated":true}]}}