{"id":344,"date":"2020-01-01T17:33:02","date_gmt":"2020-01-01T16:33:02","guid":{"rendered":"https:\/\/jhbg-hermannloens.at\/?p=344"},"modified":"2021-01-15T17:05:36","modified_gmt":"2021-01-15T16:05:36","slug":"2020","status":"publish","type":"post","link":"https:\/\/jhbg-hermannloens.at\/?p=344","title":{"rendered":"2020"},"content":{"rendered":"\n<p><strong>Am <\/strong>27. Januar empfingen wir beim Ball vom Gr\u00fcnen Kreuz in der Wiener Hofburg die Ehreng\u00e4ste mit unserem Jagdhornklang, um diese auf die glanzvolle Er\u00f6ffnung im Festsaal einzustimmen. Vor Mitternacht begleiteten wir einige der Prominenten aus der Politik in die Spanische Hofreitschule, um auch die Besucher\/innen dort zu begr\u00fc\u00dfen. Wir danken dem Verein vom Gr\u00fcnen Kreuz und dem Wiener Landesjagdverband recht herzlich f\u00fcr diese sch\u00f6ne Einladung!<\/p>\n\n\n\n<div class=\"wp-block-image\"><figure class=\"aligncenter size-large\"><img loading=\"lazy\" decoding=\"async\" width=\"358\" height=\"496\" src=\"https:\/\/jhbg-hermannloens.at\/wp-content\/uploads\/2020\/12\/Heli.jpg\" alt=\"\" class=\"wp-image-345\" srcset=\"https:\/\/jhbg-hermannloens.at\/wp-content\/uploads\/2020\/12\/Heli.jpg 358w, https:\/\/jhbg-hermannloens.at\/wp-content\/uploads\/2020\/12\/Heli-217x300.jpg 217w\" sizes=\"auto, (max-width: 358px) 100vw, 358px\" \/><\/figure><\/div>\n\n\n\n<p><strong>Am <\/strong>22. Februar ist uns unser langj\u00e4hriger Obmann Helmut Wasser nach l\u00e4ngerer, mit Geduld und Tapferkeit ertragener Krankheit im 64. Lebensjahr viel zu fr\u00fch in die Ewigen Jagdgr\u00fcnde vorausgegangen. Seine Leidenschaft galt neben seiner politischen T\u00e4tigkeit im Bezirk W\u00e4hring, dem Golfspiel und dem Kochen der Jagd und dem Jagdhornblasen, welches er im Jahre 2009 bei uns erlernt hatte. Er hat unsere Gruppe souver\u00e4n geleitet und uns durch seine zahlreichen gesellschaftlichen Kontakte viele interessante Auftritte erm\u00f6glicht. Wir vermissen ihn sehr und werden ihm stets ein ehrendes Andenken bewahren! Unsere tief empfundene Anteilnahme geh\u00f6rt in diesen schweren Stunden seiner Gattin Susanne und seinen Kindern. Wir begleiteten den Verstorbenen mit unseren Jagdh\u00f6rnern unter gro\u00dfer Anteilnahme seiner Freunde und Weggef\u00e4hrten am Freitag, dem 6. M\u00e4rz auf dem Friedhof D\u00f6bling auf seinem letzten Weg.<br><strong>Waidmannsruh, lieber Helibacsi!<\/strong><\/p>\n\n\n\n<div class=\"wp-block-image\"><figure class=\"alignleft size-large\"><img loading=\"lazy\" decoding=\"async\" width=\"336\" height=\"389\" src=\"https:\/\/jhbg-hermannloens.at\/wp-content\/uploads\/2020\/12\/Erste-Probe_5.jpg\" alt=\"\" class=\"wp-image-346\" srcset=\"https:\/\/jhbg-hermannloens.at\/wp-content\/uploads\/2020\/12\/Erste-Probe_5.jpg 336w, https:\/\/jhbg-hermannloens.at\/wp-content\/uploads\/2020\/12\/Erste-Probe_5-259x300.jpg 259w\" sizes=\"auto, (max-width: 336px) 100vw, 336px\" \/><\/figure><\/div>\n\n\n\n<p><strong>ENDLICH<\/strong>! Nach 13 Wochen coronabedingter, v\u00f6lliger Abstinenz haben wir am 17. Juni versucht, auch bei uns vorsichtig die Normalit\u00e4t einkehren zu lassen und eine erste Probe abgehalten. Siehe da, wir haben das Blasen nicht ganz verlernt und die meisten St\u00fccke erklangen mit einem gewissen Wieder-erkennungswert. Selbstverst\u00e4ndlich haben wir auf den geforderten Abstand geachtet und beim ersten gemeinsamen Foto nach der Krise den Atem angehalten.<\/p>\n\n\n\n<p>Bei dieser Gelegenheit spielten wir zu Ehren aller Geburtstagskinder, denen wir in der probefreien Zeit nicht pers\u00f6nlich gratulieren konnten, den Geburtstagsmarsch, im besonderen aber f\u00fcr unseren Ronny Zobel, der an diesem Tage seinen 40er feierte. Wir w\u00fcnschen ihm und allen anderen nachtr\u00e4glich alles Gute und ein kr\u00e4ftiges Waidmannsheil!<\/p>\n\n\n\n<div class=\"wp-block-image\"><figure class=\"alignright size-large\"><img loading=\"lazy\" decoding=\"async\" width=\"217\" height=\"314\" src=\"https:\/\/jhbg-hermannloens.at\/wp-content\/uploads\/2021\/01\/Wilfried.png\" alt=\"\" class=\"wp-image-675\" srcset=\"https:\/\/jhbg-hermannloens.at\/wp-content\/uploads\/2021\/01\/Wilfried.png 217w, https:\/\/jhbg-hermannloens.at\/wp-content\/uploads\/2021\/01\/Wilfried-207x300.png 207w\" sizes=\"auto, (max-width: 217px) 100vw, 217px\" \/><\/figure><\/div>\n\n\n\n<p><strong>Am<\/strong> 4. September hat unser langj\u00e4hriger Hornmeister und Schriftf\u00fchrer <strong>Wilfried Schl\u00f6gl <\/strong>unsere Gruppe verlassen. Wir bedanken uns bei ihm f\u00fcr seine 32 j\u00e4hrige Mitgliedschaft, davon 26 Jahre als Schriftf\u00fchrer und 20 Jahre als Hornmeister. Im Laufe seiner langj\u00e4hrigen T\u00e4tigkeit hat er viele Jagdhornbl\u00e4serInnen ausgebildet. Wir bedanken uns f\u00fcr sein Engagement und seine ehrenamtliche Arbeit. Die Gruppe w\u00fcnscht ihm f\u00fcr die Zukunft alles Gute.<\/p>\n\n\n\n<p><strong>Am <\/strong>05. September wurde am Schie\u00dfstand in Prottes die Vereinsmeisterschaft durchgef\u00fchrt. Vereinsmeister Damen: Eder Christine, Hofer Karin sowie Breitschopf Maria. Vereinsmeister Herren: Engl Wolfgang, Breitschopf Leopold, Krogger Hubert.<\/p>\n\n\n\n<div class=\"wp-block-image is-style-default\"><figure class=\"aligncenter size-large\"><img loading=\"lazy\" decoding=\"async\" width=\"1024\" height=\"768\" src=\"https:\/\/jhbg-hermannloens.at\/wp-content\/uploads\/2021\/01\/IMG_3776_Prottes.jpg\" alt=\"\" class=\"wp-image-626\" srcset=\"https:\/\/jhbg-hermannloens.at\/wp-content\/uploads\/2021\/01\/IMG_3776_Prottes.jpg 1024w, https:\/\/jhbg-hermannloens.at\/wp-content\/uploads\/2021\/01\/IMG_3776_Prottes-300x225.jpg 300w, https:\/\/jhbg-hermannloens.at\/wp-content\/uploads\/2021\/01\/IMG_3776_Prottes-768x576.jpg 768w\" sizes=\"auto, (max-width: 1024px) 100vw, 1024px\" \/><\/figure><\/div>\n\n\n\n<p><strong>Am <\/strong>16. September fand die j\u00e4hrliche Generalversammlung statt. In dessen Rahmen wurde u.a. ein neuer <strong>Vorstand<\/strong> gew\u00e4hlt:<\/p>\n\n\n\n<p>Obmann:                                     Hubert Krogger<br>Obmann Stv.:                              Edeltraud Mayer<br>Hornmeister:                              Harald Mayer<br>Hornmeister Stv.:                       Karin Hofer<br>Kassier:                                        Christine Eder<br>Kassier Stv.:                                 Renate Krogger<br>Schriftf\u00fchrer:                             Wolfgang Engl<br>Schriftf\u00fchrer Stv.:                      Dipl.Ing. Thomas Leitner<br>Brauchtumsreferentin:             Maria Breitschopf<br>Brauchtumsreferentin Stv.:     Christine Handschuh<br>Rechnungspr\u00fcfer:                      Dipl.Ing. Magdalena Leitner<br>Rechnungspr\u00fcfer Stv.:               Stefan Hofer<\/p>\n\n\n\n<p>Weiters wurden im Namen des N\u00d6 Jagdverbandes folgende Mitglieder der JHBG Hermann L\u00f6ns f\u00fcr ihre langj\u00e4hrige T\u00e4tigkeit als Jagdhornbl\u00e4ser geehrt: <\/p>\n\n\n\n<p>Maria Breitschopf&nbsp;&nbsp;&nbsp;&nbsp;&nbsp;&nbsp;&nbsp;&nbsp;&nbsp;&nbsp; 15 Jahre&nbsp;&nbsp;Ehrenzeichen in Bronze<br>Karin Hofer&nbsp;&nbsp;&nbsp;&nbsp;&nbsp;&nbsp;&nbsp;&nbsp;&nbsp;&nbsp;&nbsp;&nbsp;&nbsp;&nbsp;&nbsp;&nbsp;&nbsp;&nbsp;&nbsp;   15 Jahre&nbsp;&nbsp;Ehrenzeichen in Bronze<br>Christl Handschuh&nbsp;&nbsp;&nbsp;&nbsp;&nbsp;&nbsp;&nbsp;&nbsp;&nbsp; 15 Jahre&nbsp;&nbsp;Ehrenzeichen in Bronze<br>Leitner Magdalena&nbsp;&nbsp;&nbsp;&nbsp;&nbsp;&nbsp;&nbsp;&nbsp;&nbsp;&nbsp;25 Jahre&nbsp;&nbsp;Ehrenzeichen in Silber<br>Peter L\u00fcftenegger&nbsp;&nbsp;&nbsp;&nbsp;&nbsp;&nbsp;&nbsp;&nbsp;&nbsp;&nbsp;  25 Jahre&nbsp;&nbsp;Ehrenzeichen in Silber<\/p>\n\n\n\n<figure class=\"wp-block-image size-large\"><img loading=\"lazy\" decoding=\"async\" width=\"1024\" height=\"576\" src=\"https:\/\/jhbg-hermannloens.at\/wp-content\/uploads\/2021\/01\/Ehrung_2020.jpg\" alt=\"\" class=\"wp-image-648\" srcset=\"https:\/\/jhbg-hermannloens.at\/wp-content\/uploads\/2021\/01\/Ehrung_2020.jpg 1024w, https:\/\/jhbg-hermannloens.at\/wp-content\/uploads\/2021\/01\/Ehrung_2020-300x169.jpg 300w, https:\/\/jhbg-hermannloens.at\/wp-content\/uploads\/2021\/01\/Ehrung_2020-768x432.jpg 768w\" sizes=\"auto, (max-width: 1024px) 100vw, 1024px\" \/><\/figure>\n\n\n\n<p><strong>Am<\/strong> 19. September fand trotz Corona die allj\u00e4hrliche Entenjagd in Strallegg statt. Wir bedanken uns bei Hubert f\u00fcr die Einladung. Im Anschluss spielten wir bei Gabi Kern (unsere &#8222;Ehrenscheiben Malerin&#8220;) ein St\u00e4ndchen anl\u00e4sslich ihres 60. Geburtstages.<\/p>\n\n\n\n<figure class=\"wp-block-image size-large\"><img loading=\"lazy\" decoding=\"async\" width=\"1024\" height=\"576\" src=\"https:\/\/jhbg-hermannloens.at\/wp-content\/uploads\/2021\/01\/Entenjagd_2020.jpg\" alt=\"\" class=\"wp-image-669\" srcset=\"https:\/\/jhbg-hermannloens.at\/wp-content\/uploads\/2021\/01\/Entenjagd_2020.jpg 1024w, https:\/\/jhbg-hermannloens.at\/wp-content\/uploads\/2021\/01\/Entenjagd_2020-300x169.jpg 300w, https:\/\/jhbg-hermannloens.at\/wp-content\/uploads\/2021\/01\/Entenjagd_2020-768x432.jpg 768w\" sizes=\"auto, (max-width: 1024px) 100vw, 1024px\" \/><\/figure>\n\n\n\n<figure class=\"wp-block-image size-large\"><img loading=\"lazy\" decoding=\"async\" width=\"1024\" height=\"576\" src=\"https:\/\/jhbg-hermannloens.at\/wp-content\/uploads\/2021\/01\/Gabi_2020.jpg\" alt=\"\" class=\"wp-image-670\" srcset=\"https:\/\/jhbg-hermannloens.at\/wp-content\/uploads\/2021\/01\/Gabi_2020.jpg 1024w, https:\/\/jhbg-hermannloens.at\/wp-content\/uploads\/2021\/01\/Gabi_2020-300x169.jpg 300w, https:\/\/jhbg-hermannloens.at\/wp-content\/uploads\/2021\/01\/Gabi_2020-768x432.jpg 768w\" sizes=\"auto, (max-width: 1024px) 100vw, 1024px\" \/><\/figure>\n\n\n\n<p><strong>Am<\/strong> 20. September wurde, wie alle Jahre in Klausenleopoldsdorf die Hubertusmesse geblasen. Wir bedanken uns f\u00fcr die freundliche Aufnahme und Bewirtung.<\/p>\n\n\n\n<figure class=\"wp-block-image size-large is-style-rounded\"><img loading=\"lazy\" decoding=\"async\" width=\"1024\" height=\"576\" src=\"https:\/\/jhbg-hermannloens.at\/wp-content\/uploads\/2021\/01\/IMG_2326.jpg\" alt=\"\" class=\"wp-image-625\" srcset=\"https:\/\/jhbg-hermannloens.at\/wp-content\/uploads\/2021\/01\/IMG_2326.jpg 1024w, https:\/\/jhbg-hermannloens.at\/wp-content\/uploads\/2021\/01\/IMG_2326-300x169.jpg 300w, https:\/\/jhbg-hermannloens.at\/wp-content\/uploads\/2021\/01\/IMG_2326-768x432.jpg 768w\" sizes=\"auto, (max-width: 1024px) 100vw, 1024px\" \/><\/figure>\n\n\n\n<p><strong>Am<\/strong> 3. Oktober gab es in der Kronen Zeitung einen Beitrag zum Thema &#8222;Ro\u00df &amp; Rebhuhn&#8220;. Unsere Maggy hat die JHBG Hermann L\u00f6ns w\u00fcrdig vertreten.<\/p>\n\n\n\n<div class=\"wp-block-image\"><figure class=\"aligncenter size-large is-resized\"><img loading=\"lazy\" decoding=\"async\" src=\"https:\/\/jhbg-hermannloens.at\/wp-content\/uploads\/2021\/01\/Maggy_Krone_2020.png\" alt=\"\" class=\"wp-image-647\" width=\"275\" height=\"489\" srcset=\"https:\/\/jhbg-hermannloens.at\/wp-content\/uploads\/2021\/01\/Maggy_Krone_2020.png 360w, https:\/\/jhbg-hermannloens.at\/wp-content\/uploads\/2021\/01\/Maggy_Krone_2020-169x300.png 169w\" sizes=\"auto, (max-width: 275px) 100vw, 275px\" \/><\/figure><\/div>\n\n\n\n<p><strong>Am <\/strong>10. Oktober fand die allj\u00e4hrliche Jagd in Strallegg statt. Bei Fackelschein und regnerischem Wetter wurde die Strecke verblasen. Wir bedanken uns bei Hubert f\u00fcr die Einladung.<\/p>\n\n\n\n<figure class=\"wp-block-image size-large\"><img loading=\"lazy\" decoding=\"async\" width=\"640\" height=\"360\" src=\"https:\/\/jhbg-hermannloens.at\/wp-content\/uploads\/2021\/01\/Jagd_Strallegg-1.png\" alt=\"\" class=\"wp-image-661\" srcset=\"https:\/\/jhbg-hermannloens.at\/wp-content\/uploads\/2021\/01\/Jagd_Strallegg-1.png 640w, https:\/\/jhbg-hermannloens.at\/wp-content\/uploads\/2021\/01\/Jagd_Strallegg-1-300x169.png 300w\" sizes=\"auto, (max-width: 640px) 100vw, 640px\" \/><\/figure>\n\n\n\n<p><strong>Am<\/strong> 22. Dezember hatte unser Stefan Hofer seinen 60. Geburtstag. Corona bedingt konnte er diesen mit der Gruppe leider nicht feiern. So stellte ihm eine kleine Abordnung einen Hochstand auf seinem Anwesen auf.<\/p>\n\n\n\n<figure class=\"wp-block-image size-large\"><img loading=\"lazy\" decoding=\"async\" width=\"768\" height=\"1024\" src=\"https:\/\/jhbg-hermannloens.at\/wp-content\/uploads\/2021\/01\/IMG_3774_Stefan60.jpg\" alt=\"\" class=\"wp-image-627\" srcset=\"https:\/\/jhbg-hermannloens.at\/wp-content\/uploads\/2021\/01\/IMG_3774_Stefan60.jpg 768w, https:\/\/jhbg-hermannloens.at\/wp-content\/uploads\/2021\/01\/IMG_3774_Stefan60-225x300.jpg 225w\" sizes=\"auto, (max-width: 768px) 100vw, 768px\" \/><\/figure>\n\n\n\n<p class=\"has-text-align-left\"><strong>Ein Weidmannsdank f\u00fcr alle Einladungen, ein gesegnetes Weihnachtsfest, viel Gesundheit sowie ein kr\u00e4ftiges Weidmannsheil f\u00fcr 2021.<\/strong><\/p>\n\n\n\n<p><strong>Herzlichen Dank f\u00fcr alle Einladungen!<\/strong><\/p>\n","protected":false},"excerpt":{"rendered":"<p>Am 27. Januar empfingen wir beim Ball vom Gr\u00fcnen Kreuz in der Wiener Hofburg die Ehreng\u00e4ste mit unserem Jagdhornklang, um diese auf die glanzvolle Er\u00f6ffnung im Festsaal einzustimmen. Vor Mitternacht [&hellip;]<\/p>\n","protected":false},"author":1,"featured_media":0,"comment_status":"closed","ping_status":"open","sticky":false,"template":"","format":"standard","meta":{"footnotes":""},"categories":[7],"tags":[],"class_list":["post-344","post","type-post","status-publish","format-standard","hentry","category-7"],"_links":{"self":[{"href":"https:\/\/jhbg-hermannloens.at\/index.php?rest_route=\/wp\/v2\/posts\/344","targetHints":{"allow":["GET"]}}],"collection":[{"href":"https:\/\/jhbg-hermannloens.at\/index.php?rest_route=\/wp\/v2\/posts"}],"about":[{"href":"https:\/\/jhbg-hermannloens.at\/index.php?rest_route=\/wp\/v2\/types\/post"}],"author":[{"embeddable":true,"href":"https:\/\/jhbg-hermannloens.at\/index.php?rest_route=\/wp\/v2\/users\/1"}],"replies":[{"embeddable":true,"href":"https:\/\/jhbg-hermannloens.at\/index.php?rest_route=%2Fwp%2Fv2%2Fcomments&post=344"}],"version-history":[{"count":31,"href":"https:\/\/jhbg-hermannloens.at\/index.php?rest_route=\/wp\/v2\/posts\/344\/revisions"}],"predecessor-version":[{"id":681,"href":"https:\/\/jhbg-hermannloens.at\/index.php?rest_route=\/wp\/v2\/posts\/344\/revisions\/681"}],"wp:attachment":[{"href":"https:\/\/jhbg-hermannloens.at\/index.php?rest_route=%2Fwp%2Fv2%2Fmedia&parent=344"}],"wp:term":[{"taxonomy":"category","embeddable":true,"href":"https:\/\/jhbg-hermannloens.at\/index.php?rest_route=%2Fwp%2Fv2%2Fcategories&post=344"},{"taxonomy":"post_tag","embeddable":true,"href":"https:\/\/jhbg-hermannloens.at\/index.php?rest_route=%2Fwp%2Fv2%2Ftags&post=344"}],"curies":[{"name":"wp","href":"https:\/\/api.w.org\/{rel}","templated":true}]}}