{"id":636,"date":"2021-06-08T15:27:30","date_gmt":"2021-06-08T13:27:30","guid":{"rendered":"https:\/\/jhbg-hermannloens.at\/?p=636"},"modified":"2022-03-22T11:00:59","modified_gmt":"2022-03-22T10:00:59","slug":"2021","status":"publish","type":"post","link":"https:\/\/jhbg-hermannloens.at\/?p=636","title":{"rendered":"2021"},"content":{"rendered":"\n<p>Am 04.Juni 2021 verabschiedeten wir unseren Jagdfreund Ewald Marouschek am Friedhof in Bruck an der Leitha.<\/p>\n\n\n\n<div class=\"wp-block-image\"><figure class=\"aligncenter size-full\"><img loading=\"lazy\" decoding=\"async\" width=\"1024\" height=\"768\" src=\"https:\/\/jhbg-hermannloens.at\/wp-content\/uploads\/2021\/06\/Begraebnis-Ewald_040621.jpg\" alt=\"\" class=\"wp-image-708\" srcset=\"https:\/\/jhbg-hermannloens.at\/wp-content\/uploads\/2021\/06\/Begraebnis-Ewald_040621.jpg 1024w, https:\/\/jhbg-hermannloens.at\/wp-content\/uploads\/2021\/06\/Begraebnis-Ewald_040621-300x225.jpg 300w, https:\/\/jhbg-hermannloens.at\/wp-content\/uploads\/2021\/06\/Begraebnis-Ewald_040621-768x576.jpg 768w\" sizes=\"auto, (max-width: 1024px) 100vw, 1024px\" \/><figcaption>Friedhof &#8211; Bruck an der Leitha<\/figcaption><\/figure><\/div>\n\n\n\n<p>Am 07. August 2021 verabschiedeten wir unseren Jagdfreund Friedrich Ferner am Friedhof in Oberhautzental und<\/p>\n\n\n\n<p>Am 09. August 2021 verabschiedeten wir unseren Jagdfreund Anton Zay am Friedhof in Strasshof.<\/p>\n\n\n\n<figure class=\"wp-block-image size-full\"><img loading=\"lazy\" decoding=\"async\" width=\"1024\" height=\"768\" src=\"https:\/\/jhbg-hermannloens.at\/wp-content\/uploads\/2021\/06\/Begraebnis-090821.jpg\" alt=\"\" class=\"wp-image-737\" srcset=\"https:\/\/jhbg-hermannloens.at\/wp-content\/uploads\/2021\/06\/Begraebnis-090821.jpg 1024w, https:\/\/jhbg-hermannloens.at\/wp-content\/uploads\/2021\/06\/Begraebnis-090821-300x225.jpg 300w, https:\/\/jhbg-hermannloens.at\/wp-content\/uploads\/2021\/06\/Begraebnis-090821-768x576.jpg 768w\" sizes=\"auto, (max-width: 1024px) 100vw, 1024px\" \/><\/figure>\n\n\n\n<p>Am 19. September 2021 haben wir uns anstatt der abgesagte J\u00e4gerfeldmesse beim &#8222;Hirschenbild&#8220; in Klausenleopoldsdorf im Gasthof &#8222;Zum Sch\u00f6pflgitter&#8220; zu einem &#8222;Fr\u00fchschoppenspielen&#8220; eingefunden.<\/p>\n\n\n\n<figure class=\"wp-block-image size-full\"><img loading=\"lazy\" decoding=\"async\" width=\"1024\" height=\"768\" src=\"https:\/\/jhbg-hermannloens.at\/wp-content\/uploads\/2021\/09\/Klausenleopoldsdorf_2021.jpg\" alt=\"\" class=\"wp-image-755\" srcset=\"https:\/\/jhbg-hermannloens.at\/wp-content\/uploads\/2021\/09\/Klausenleopoldsdorf_2021.jpg 1024w, https:\/\/jhbg-hermannloens.at\/wp-content\/uploads\/2021\/09\/Klausenleopoldsdorf_2021-300x225.jpg 300w, https:\/\/jhbg-hermannloens.at\/wp-content\/uploads\/2021\/09\/Klausenleopoldsdorf_2021-768x576.jpg 768w\" sizes=\"auto, (max-width: 1024px) 100vw, 1024px\" \/><\/figure>\n\n\n\n<p>Am 01. Oktober 2021 verabschiedeten wir unseren Jagdfreund Manfred Horst Haslinger am Friedhof in Mautern.<\/p>\n\n\n\n<figure class=\"wp-block-image size-large is-resized\"><img loading=\"lazy\" decoding=\"async\" src=\"https:\/\/jhbg-hermannloens.at\/wp-content\/uploads\/2021\/10\/Begraebnis_1021-768x1024.jpg\" alt=\"\" class=\"wp-image-768\" width=\"840\" height=\"1119\" srcset=\"https:\/\/jhbg-hermannloens.at\/wp-content\/uploads\/2021\/10\/Begraebnis_1021-768x1024.jpg 768w, https:\/\/jhbg-hermannloens.at\/wp-content\/uploads\/2021\/10\/Begraebnis_1021-225x300.jpg 225w, https:\/\/jhbg-hermannloens.at\/wp-content\/uploads\/2021\/10\/Begraebnis_1021.jpg 960w\" sizes=\"auto, (max-width: 840px) 100vw, 840px\" \/><\/figure>\n\n\n\n<p>Am 29.Oktober 2021 haben wir bei \u00d6MV Sch\u00fctzengilde Prottes die Hubertusmesse musikalisch umrahmt. Wir bedanken uns beim Verein f\u00fcr die freundliche Aufnahme und gro\u00dfartige Organisation.<\/p>\n\n\n\n<figure class=\"wp-block-image size-large is-resized\"><img loading=\"lazy\" decoding=\"async\" src=\"https:\/\/jhbg-hermannloens.at\/wp-content\/uploads\/2021\/10\/Prottes_1_21-1024x768.jpg\" alt=\"\" class=\"wp-image-774\" width=\"839\" height=\"630\" srcset=\"https:\/\/jhbg-hermannloens.at\/wp-content\/uploads\/2021\/10\/Prottes_1_21-1024x768.jpg 1024w, https:\/\/jhbg-hermannloens.at\/wp-content\/uploads\/2021\/10\/Prottes_1_21-300x225.jpg 300w, https:\/\/jhbg-hermannloens.at\/wp-content\/uploads\/2021\/10\/Prottes_1_21-768x576.jpg 768w, https:\/\/jhbg-hermannloens.at\/wp-content\/uploads\/2021\/10\/Prottes_1_21-1536x1152.jpg 1536w, https:\/\/jhbg-hermannloens.at\/wp-content\/uploads\/2021\/10\/Prottes_1_21.jpg 2016w\" sizes=\"auto, (max-width: 839px) 100vw, 839px\" \/><\/figure>\n\n\n\n<figure class=\"wp-block-image size-large is-resized\"><img loading=\"lazy\" decoding=\"async\" src=\"https:\/\/jhbg-hermannloens.at\/wp-content\/uploads\/2021\/10\/Prottes_2_21-1024x768.jpg\" alt=\"\" class=\"wp-image-775\" width=\"840\" height=\"630\" srcset=\"https:\/\/jhbg-hermannloens.at\/wp-content\/uploads\/2021\/10\/Prottes_2_21-1024x768.jpg 1024w, https:\/\/jhbg-hermannloens.at\/wp-content\/uploads\/2021\/10\/Prottes_2_21-300x225.jpg 300w, https:\/\/jhbg-hermannloens.at\/wp-content\/uploads\/2021\/10\/Prottes_2_21-768x576.jpg 768w, https:\/\/jhbg-hermannloens.at\/wp-content\/uploads\/2021\/10\/Prottes_2_21-1536x1152.jpg 1536w, https:\/\/jhbg-hermannloens.at\/wp-content\/uploads\/2021\/10\/Prottes_2_21.jpg 1600w\" sizes=\"auto, (max-width: 840px) 100vw, 840px\" \/><\/figure>\n\n\n\n<p>Am Stephani-Tag, dem 26. Dezember 2021, fand in einer stimmungsvollen Schneelandschaft des s\u00fcdlichen Wienerwaldes der 8. Stephani Ritt mit ca. 40 Pferde und Esel statt. Dieser Stephani Ritt nach Schwarzensee ist mittlerweile zu einem der H\u00f6hepunkte der Pferdekulturveranstaltungen zur Weihnachtszeit in Nieder\u00f6sterreich aufgestiegen. Wir, die JHBG Hermann L\u00f6ns, durften die Ross-Segnung musikalisch umrahmen. Unser Beitrag fand gro\u00dfes Lob und Anerkennung bei Teilnehmern und G\u00e4sten.<\/p>\n\n\n\n<figure class=\"wp-block-image size-large\"><img loading=\"lazy\" decoding=\"async\" width=\"1024\" height=\"654\" src=\"https:\/\/jhbg-hermannloens.at\/wp-content\/uploads\/2021\/12\/Stephani-Ritt_26122021_-Schwarzensee_Jagdhornbl\ufffdser_Foto-\u00a9-Doris-Seebacher-1024x654.jpg\" alt=\"\" class=\"wp-image-787\" srcset=\"https:\/\/jhbg-hermannloens.at\/wp-content\/uploads\/2021\/12\/Stephani-Ritt_26122021_-Schwarzensee_Jagdhornbl\ufffdser_Foto-\u00a9-Doris-Seebacher-1024x654.jpg 1024w, https:\/\/jhbg-hermannloens.at\/wp-content\/uploads\/2021\/12\/Stephani-Ritt_26122021_-Schwarzensee_Jagdhornbl\ufffdser_Foto-\u00a9-Doris-Seebacher-300x192.jpg 300w, https:\/\/jhbg-hermannloens.at\/wp-content\/uploads\/2021\/12\/Stephani-Ritt_26122021_-Schwarzensee_Jagdhornbl\ufffdser_Foto-\u00a9-Doris-Seebacher-768x491.jpg 768w, https:\/\/jhbg-hermannloens.at\/wp-content\/uploads\/2021\/12\/Stephani-Ritt_26122021_-Schwarzensee_Jagdhornbl\ufffdser_Foto-\u00a9-Doris-Seebacher.jpg 1434w\" sizes=\"auto, (max-width: 1024px) 100vw, 1024px\" \/><figcaption>Doris Seebacher, Obere Feldstra\u00dfe 176, 2823 Pitten \u00d6sterreich<\/figcaption><\/figure>\n\n\n\n<figure class=\"wp-block-image size-large\"><img loading=\"lazy\" decoding=\"async\" width=\"1024\" height=\"556\" src=\"https:\/\/jhbg-hermannloens.at\/wp-content\/uploads\/2021\/12\/Stephani-Ritt_26122021_-Schwarzensee_Segensfeier_Foto-\u00a9-Doris-Seebacher-1024x556.jpg\" alt=\"\" class=\"wp-image-788\" srcset=\"https:\/\/jhbg-hermannloens.at\/wp-content\/uploads\/2021\/12\/Stephani-Ritt_26122021_-Schwarzensee_Segensfeier_Foto-\u00a9-Doris-Seebacher-1024x556.jpg 1024w, https:\/\/jhbg-hermannloens.at\/wp-content\/uploads\/2021\/12\/Stephani-Ritt_26122021_-Schwarzensee_Segensfeier_Foto-\u00a9-Doris-Seebacher-300x163.jpg 300w, https:\/\/jhbg-hermannloens.at\/wp-content\/uploads\/2021\/12\/Stephani-Ritt_26122021_-Schwarzensee_Segensfeier_Foto-\u00a9-Doris-Seebacher-768x417.jpg 768w, https:\/\/jhbg-hermannloens.at\/wp-content\/uploads\/2021\/12\/Stephani-Ritt_26122021_-Schwarzensee_Segensfeier_Foto-\u00a9-Doris-Seebacher-1536x834.jpg 1536w, https:\/\/jhbg-hermannloens.at\/wp-content\/uploads\/2021\/12\/Stephani-Ritt_26122021_-Schwarzensee_Segensfeier_Foto-\u00a9-Doris-Seebacher.jpg 1702w\" sizes=\"auto, (max-width: 1024px) 100vw, 1024px\" \/><figcaption>Doris Seebacher, Obere Feldstra\u00dfe 176, 2823 Pitten \u00d6sterreich<\/figcaption><\/figure>\n\n\n\n<figure class=\"wp-block-image size-large\"><img loading=\"lazy\" decoding=\"async\" width=\"1024\" height=\"683\" src=\"https:\/\/jhbg-hermannloens.at\/wp-content\/uploads\/2021\/12\/Stephani-Ritt_26122021_-Schwarzensee_Einritt-2_Foto-\u00a9-Doris-Seebacher-Kopie-1024x683.jpg\" alt=\"\" class=\"wp-image-789\" srcset=\"https:\/\/jhbg-hermannloens.at\/wp-content\/uploads\/2021\/12\/Stephani-Ritt_26122021_-Schwarzensee_Einritt-2_Foto-\u00a9-Doris-Seebacher-Kopie-1024x683.jpg 1024w, https:\/\/jhbg-hermannloens.at\/wp-content\/uploads\/2021\/12\/Stephani-Ritt_26122021_-Schwarzensee_Einritt-2_Foto-\u00a9-Doris-Seebacher-Kopie-300x200.jpg 300w, https:\/\/jhbg-hermannloens.at\/wp-content\/uploads\/2021\/12\/Stephani-Ritt_26122021_-Schwarzensee_Einritt-2_Foto-\u00a9-Doris-Seebacher-Kopie-768x513.jpg 768w, https:\/\/jhbg-hermannloens.at\/wp-content\/uploads\/2021\/12\/Stephani-Ritt_26122021_-Schwarzensee_Einritt-2_Foto-\u00a9-Doris-Seebacher-Kopie-1536x1025.jpg 1536w, https:\/\/jhbg-hermannloens.at\/wp-content\/uploads\/2021\/12\/Stephani-Ritt_26122021_-Schwarzensee_Einritt-2_Foto-\u00a9-Doris-Seebacher-Kopie-2048x1367.jpg 2048w\" sizes=\"auto, (max-width: 1024px) 100vw, 1024px\" \/><figcaption>Doris Seebacher, Obere Feldstra\u00dfe 176, 2823 Pitten \u00d6sterreich<\/figcaption><\/figure>\n\n\n\n<p><\/p>\n","protected":false},"excerpt":{"rendered":"<p>Am 04.Juni 2021 verabschiedeten wir unseren Jagdfreund Ewald Marouschek am Friedhof in Bruck an der Leitha. Am 07. August 2021 verabschiedeten wir unseren Jagdfreund Friedrich Ferner am Friedhof in Oberhautzental [&hellip;]<\/p>\n","protected":false},"author":1,"featured_media":0,"comment_status":"closed","ping_status":"open","sticky":false,"template":"","format":"standard","meta":{"footnotes":""},"categories":[13],"tags":[],"class_list":["post-636","post","type-post","status-publish","format-standard","hentry","category-13"],"_links":{"self":[{"href":"https:\/\/jhbg-hermannloens.at\/index.php?rest_route=\/wp\/v2\/posts\/636","targetHints":{"allow":["GET"]}}],"collection":[{"href":"https:\/\/jhbg-hermannloens.at\/index.php?rest_route=\/wp\/v2\/posts"}],"about":[{"href":"https:\/\/jhbg-hermannloens.at\/index.php?rest_route=\/wp\/v2\/types\/post"}],"author":[{"embeddable":true,"href":"https:\/\/jhbg-hermannloens.at\/index.php?rest_route=\/wp\/v2\/users\/1"}],"replies":[{"embeddable":true,"href":"https:\/\/jhbg-hermannloens.at\/index.php?rest_route=%2Fwp%2Fv2%2Fcomments&post=636"}],"version-history":[{"count":20,"href":"https:\/\/jhbg-hermannloens.at\/index.php?rest_route=\/wp\/v2\/posts\/636\/revisions"}],"predecessor-version":[{"id":835,"href":"https:\/\/jhbg-hermannloens.at\/index.php?rest_route=\/wp\/v2\/posts\/636\/revisions\/835"}],"wp:attachment":[{"href":"https:\/\/jhbg-hermannloens.at\/index.php?rest_route=%2Fwp%2Fv2%2Fmedia&parent=636"}],"wp:term":[{"taxonomy":"category","embeddable":true,"href":"https:\/\/jhbg-hermannloens.at\/index.php?rest_route=%2Fwp%2Fv2%2Fcategories&post=636"},{"taxonomy":"post_tag","embeddable":true,"href":"https:\/\/jhbg-hermannloens.at\/index.php?rest_route=%2Fwp%2Fv2%2Ftags&post=636"}],"curies":[{"name":"wp","href":"https:\/\/api.w.org\/{rel}","templated":true}]}}