{"id":829,"date":"2022-01-07T11:09:17","date_gmt":"2022-01-07T10:09:17","guid":{"rendered":"https:\/\/jhbg-hermannloens.at\/?p=829"},"modified":"2023-02-06T10:28:13","modified_gmt":"2023-02-06T09:28:13","slug":"2022","status":"publish","type":"post","link":"https:\/\/jhbg-hermannloens.at\/?p=829","title":{"rendered":"2022"},"content":{"rendered":"\n<p>Am 9. M\u00e4rz feierten wir in Loidesthal den 70. Geburtstag unserer Christl Handschuh. Wir trafen uns vor ihrem wundersch\u00f6nen Kellerst\u00f6ckl. Unter anderem bliesen wir ihr den von Reinhold komponierten Geburtstagsmarsch. Wir gratulieren Christl ganz herzlich zu ihrem runden Geburtstag, w\u00fcnschen ihr viel Gesundheit und danken ihr f\u00fcr das langj\u00e4hrige Engagement in unserer Gruppe.<\/p>\n\n\n\n<figure class=\"wp-block-image size-full\"><img loading=\"lazy\" decoding=\"async\" width=\"1024\" height=\"768\" src=\"https:\/\/jhbg-hermannloens.at\/wp-content\/uploads\/2022\/03\/Christl-70.jpg\" alt=\"\" class=\"wp-image-840\" srcset=\"https:\/\/jhbg-hermannloens.at\/wp-content\/uploads\/2022\/03\/Christl-70.jpg 1024w, https:\/\/jhbg-hermannloens.at\/wp-content\/uploads\/2022\/03\/Christl-70-300x225.jpg 300w, https:\/\/jhbg-hermannloens.at\/wp-content\/uploads\/2022\/03\/Christl-70-768x576.jpg 768w\" sizes=\"auto, (max-width: 1024px) 100vw, 1024px\" \/><\/figure>\n\n\n\n<p>Am 23. M\u00e4rz fand die Generalversammlung (GV) unserer JHBG Hermann L\u00f6ns statt. Im Rahmen dieser GV wurde der &#8222;Alte Vorstand&#8220; bis auf den Schriftf\u00fchrer best\u00e4tigt. Als neuer Schriftf\u00fchrer hat Stefan Hofer dieses Amt angenommen.<\/p>\n\n\n\n<figure class=\"wp-block-image size-full\"><img loading=\"lazy\" decoding=\"async\" width=\"768\" height=\"1024\" src=\"https:\/\/jhbg-hermannloens.at\/wp-content\/uploads\/2022\/03\/Vorstand-2022.jpg\" alt=\"\" class=\"wp-image-860\" srcset=\"https:\/\/jhbg-hermannloens.at\/wp-content\/uploads\/2022\/03\/Vorstand-2022.jpg 768w, https:\/\/jhbg-hermannloens.at\/wp-content\/uploads\/2022\/03\/Vorstand-2022-225x300.jpg 225w\" sizes=\"auto, (max-width: 768px) 100vw, 768px\" \/><\/figure>\n\n\n\n<p>Weiters wurde Reinhold FRITZ als neues Mitglied (Parforce II) aufgenommen. Wir freuen uns \u00fcber seine aktive Mitgliedschaft. Reinhold ist nicht nur ein hervorragender Bl\u00e4ser (bl\u00e4st u.a. die Tuba im MV AUERSTHAL) sondern ist auch ein begnadeter Komponist.<\/p>\n\n\n\n<figure class=\"wp-block-image size-full\"><img loading=\"lazy\" decoding=\"async\" width=\"1024\" height=\"768\" src=\"https:\/\/jhbg-hermannloens.at\/wp-content\/uploads\/2022\/03\/Reinhold-Aufnahme.jpg\" alt=\"\" class=\"wp-image-862\" srcset=\"https:\/\/jhbg-hermannloens.at\/wp-content\/uploads\/2022\/03\/Reinhold-Aufnahme.jpg 1024w, https:\/\/jhbg-hermannloens.at\/wp-content\/uploads\/2022\/03\/Reinhold-Aufnahme-300x225.jpg 300w, https:\/\/jhbg-hermannloens.at\/wp-content\/uploads\/2022\/03\/Reinhold-Aufnahme-768x576.jpg 768w\" sizes=\"auto, (max-width: 1024px) 100vw, 1024px\" \/><\/figure>\n\n\n\n<p>Wir hatten auch die Gelegenheit unseren Geburtstagskindern zu gratulieren:<br>Christl Handschuh 70iger,<br>Hajnalka L\u00fcftenegger 70iger,<br>Alexander Brauneis 60iger,<br>Sabine Willegger 50iger.<\/p>\n\n\n\n<figure class=\"wp-block-image size-full\"><img loading=\"lazy\" decoding=\"async\" width=\"768\" height=\"1024\" src=\"https:\/\/jhbg-hermannloens.at\/wp-content\/uploads\/2022\/03\/Geburtstage-Rund-2022.jpg\" alt=\"\" class=\"wp-image-863\" srcset=\"https:\/\/jhbg-hermannloens.at\/wp-content\/uploads\/2022\/03\/Geburtstage-Rund-2022.jpg 768w, https:\/\/jhbg-hermannloens.at\/wp-content\/uploads\/2022\/03\/Geburtstage-Rund-2022-225x300.jpg 225w\" sizes=\"auto, (max-width: 768px) 100vw, 768px\" \/><\/figure>\n\n\n\n<p>Am 9. April spielten wir in SPANNBERG zum 80xten Geburtstag f\u00fcr Manfred STUR auf.<\/p>\n\n\n\n<figure class=\"wp-block-image size-full\"><img loading=\"lazy\" decoding=\"async\" width=\"1024\" height=\"768\" src=\"https:\/\/jhbg-hermannloens.at\/wp-content\/uploads\/2022\/04\/80er-Stur.jpg\" alt=\"\" class=\"wp-image-869\" srcset=\"https:\/\/jhbg-hermannloens.at\/wp-content\/uploads\/2022\/04\/80er-Stur.jpg 1024w, https:\/\/jhbg-hermannloens.at\/wp-content\/uploads\/2022\/04\/80er-Stur-300x225.jpg 300w, https:\/\/jhbg-hermannloens.at\/wp-content\/uploads\/2022\/04\/80er-Stur-768x576.jpg 768w\" sizes=\"auto, (max-width: 1024px) 100vw, 1024px\" \/><\/figure>\n\n\n\n<p>Am 22. April 2022 wurden wir seitens einer Eventagentur zu einem Willkommensblasen einer Firmenveranstaltung in der Wiener Prateralm engagiert.<\/p>\n\n\n\n<figure class=\"wp-block-image size-full\"><img loading=\"lazy\" decoding=\"async\" width=\"1024\" height=\"768\" src=\"https:\/\/jhbg-hermannloens.at\/wp-content\/uploads\/2022\/01\/Prateralm_22.jpg\" alt=\"\" class=\"wp-image-873\" srcset=\"https:\/\/jhbg-hermannloens.at\/wp-content\/uploads\/2022\/01\/Prateralm_22.jpg 1024w, https:\/\/jhbg-hermannloens.at\/wp-content\/uploads\/2022\/01\/Prateralm_22-300x225.jpg 300w, https:\/\/jhbg-hermannloens.at\/wp-content\/uploads\/2022\/01\/Prateralm_22-768x576.jpg 768w\" sizes=\"auto, (max-width: 1024px) 100vw, 1024px\" \/><\/figure>\n\n\n\n<p>Am 23.04. fand die Verabschiedung von unserem Jagdfreund Herrn Gazsi aus Lehndorf statt.<\/p>\n\n\n<div class=\"wp-block-image\">\n<figure class=\"aligncenter size-full\"><img loading=\"lazy\" decoding=\"async\" width=\"1024\" height=\"768\" src=\"https:\/\/jhbg-hermannloens.at\/wp-content\/uploads\/2022\/09\/A8F28773-FA09-48F0-AA2A-083EE1774E61.jpeg\" alt=\"\" class=\"wp-image-963\" srcset=\"https:\/\/jhbg-hermannloens.at\/wp-content\/uploads\/2022\/09\/A8F28773-FA09-48F0-AA2A-083EE1774E61.jpeg 1024w, https:\/\/jhbg-hermannloens.at\/wp-content\/uploads\/2022\/09\/A8F28773-FA09-48F0-AA2A-083EE1774E61-300x225.jpeg 300w, https:\/\/jhbg-hermannloens.at\/wp-content\/uploads\/2022\/09\/A8F28773-FA09-48F0-AA2A-083EE1774E61-768x576.jpeg 768w\" sizes=\"auto, (max-width: 1024px) 100vw, 1024px\" \/><\/figure>\n<\/div>\n\n\n<figure class=\"wp-block-image size-full is-resized\"><img loading=\"lazy\" decoding=\"async\" src=\"https:\/\/jhbg-hermannloens.at\/wp-content\/uploads\/2022\/09\/99E94E18-FF85-430B-8165-849E3F925FD1.jpeg\" alt=\"\" class=\"wp-image-964\" width=\"749\" height=\"562\" srcset=\"https:\/\/jhbg-hermannloens.at\/wp-content\/uploads\/2022\/09\/99E94E18-FF85-430B-8165-849E3F925FD1.jpeg 1024w, https:\/\/jhbg-hermannloens.at\/wp-content\/uploads\/2022\/09\/99E94E18-FF85-430B-8165-849E3F925FD1-300x225.jpeg 300w, https:\/\/jhbg-hermannloens.at\/wp-content\/uploads\/2022\/09\/99E94E18-FF85-430B-8165-849E3F925FD1-768x576.jpeg 768w\" sizes=\"auto, (max-width: 749px) 100vw, 749px\" \/><\/figure>\n\n\n\n<p>Am 30.04 fand die Vereinsmeisterschaft in den Disziplinen Kugel und Tontauben schie\u00dfen statt. Herzliche Gratulation an die Gewinner Christine Eder und Matthias Hofer.<\/p>\n\n\n\n<figure class=\"wp-block-image size-full\"><img loading=\"lazy\" decoding=\"async\" width=\"768\" height=\"1024\" src=\"https:\/\/jhbg-hermannloens.at\/wp-content\/uploads\/2022\/09\/24d3592c-f7b7-4510-85d0-3440fc914f90.jpg\" alt=\"\" class=\"wp-image-967\" srcset=\"https:\/\/jhbg-hermannloens.at\/wp-content\/uploads\/2022\/09\/24d3592c-f7b7-4510-85d0-3440fc914f90.jpg 768w, https:\/\/jhbg-hermannloens.at\/wp-content\/uploads\/2022\/09\/24d3592c-f7b7-4510-85d0-3440fc914f90-225x300.jpg 225w\" sizes=\"auto, (max-width: 768px) 100vw, 768px\" \/><\/figure>\n\n\n\n<p>Am 10. Juni 2022 fand das 10j\u00e4hrige Jubil\u00e4um der JHBG BOKU im Innenhof der Universit\u00e4t f\u00fcr Bodenkultur statt. Wir hatten dort die Gelegenheit einige unserer Musikst\u00fccke zum Besten zu geben. Wir gratulieren der JHBG BOKU zu ihrem Jubil\u00e4um.<\/p>\n\n\n\n<p><\/p>\n\n\n\n<figure class=\"wp-block-gallery has-nested-images columns-default is-cropped wp-block-gallery-1 is-layout-flex wp-block-gallery-is-layout-flex\">\n<figure class=\"wp-block-image size-large\"><img loading=\"lazy\" decoding=\"async\" width=\"1024\" height=\"768\" data-id=\"877\" src=\"https:\/\/jhbg-hermannloens.at\/wp-content\/uploads\/2022\/06\/Boku_1.jpg\" alt=\"\" class=\"wp-image-877\" srcset=\"https:\/\/jhbg-hermannloens.at\/wp-content\/uploads\/2022\/06\/Boku_1.jpg 1024w, https:\/\/jhbg-hermannloens.at\/wp-content\/uploads\/2022\/06\/Boku_1-300x225.jpg 300w, https:\/\/jhbg-hermannloens.at\/wp-content\/uploads\/2022\/06\/Boku_1-768x576.jpg 768w\" sizes=\"auto, (max-width: 1024px) 100vw, 1024px\" \/><\/figure>\n<\/figure>\n\n\n\n<figure class=\"wp-block-gallery has-nested-images columns-default is-cropped wp-block-gallery-2 is-layout-flex wp-block-gallery-is-layout-flex\">\n<figure class=\"wp-block-image size-large\"><img loading=\"lazy\" decoding=\"async\" width=\"1024\" height=\"768\" data-id=\"878\" src=\"https:\/\/jhbg-hermannloens.at\/wp-content\/uploads\/2022\/06\/Boku_2.jpg\" alt=\"\" class=\"wp-image-878\" srcset=\"https:\/\/jhbg-hermannloens.at\/wp-content\/uploads\/2022\/06\/Boku_2.jpg 1024w, https:\/\/jhbg-hermannloens.at\/wp-content\/uploads\/2022\/06\/Boku_2-300x225.jpg 300w, https:\/\/jhbg-hermannloens.at\/wp-content\/uploads\/2022\/06\/Boku_2-768x576.jpg 768w\" sizes=\"auto, (max-width: 1024px) 100vw, 1024px\" \/><\/figure>\n<\/figure>\n\n\n\n<p>Am 5. Juli 2022 fand am Wr. Rathausplatz das traditionelle Jagdhornbl\u00e4serkonzert statt. Unter der Leitung des Wr. Landeshornmeisters Andreas Bergmann nahmen alle Wiener Gruppen teil. Neben gemeinschaftlichen Darbietungen spielte unsere Gruppe die St\u00fccke &#8222;Schweizer J\u00e4gergru\u00df&#8220; und &#8222;Landler&#8220;.<\/p>\n\n\n\n<figure class=\"wp-block-image size-full\"><img loading=\"lazy\" decoding=\"async\" width=\"1024\" height=\"884\" src=\"https:\/\/jhbg-hermannloens.at\/wp-content\/uploads\/2022\/07\/Rathauskonzert_22.jpg\" alt=\"\" class=\"wp-image-884\" srcset=\"https:\/\/jhbg-hermannloens.at\/wp-content\/uploads\/2022\/07\/Rathauskonzert_22.jpg 1024w, https:\/\/jhbg-hermannloens.at\/wp-content\/uploads\/2022\/07\/Rathauskonzert_22-300x259.jpg 300w, https:\/\/jhbg-hermannloens.at\/wp-content\/uploads\/2022\/07\/Rathauskonzert_22-768x663.jpg 768w\" sizes=\"auto, (max-width: 1024px) 100vw, 1024px\" \/><\/figure>\n\n\n\n<p>Am 16. Juli 2022 fand in PROTTES die 60 Jahrfeier der OMV Sch\u00fctzengilde statt. Wir durften die Feierlichkeiten mit unserer Jagdhornbl\u00e4sergruppe umrahmen und  \u00fcberreichten dem Sch\u00fctzenverein eine Ehrenscheibe.<\/p>\n\n\n\n<figure class=\"wp-block-image size-full\"><img loading=\"lazy\" decoding=\"async\" width=\"1024\" height=\"576\" src=\"https:\/\/jhbg-hermannloens.at\/wp-content\/uploads\/2022\/07\/Prottes-7_22.jpg\" alt=\"\" class=\"wp-image-919\" srcset=\"https:\/\/jhbg-hermannloens.at\/wp-content\/uploads\/2022\/07\/Prottes-7_22.jpg 1024w, https:\/\/jhbg-hermannloens.at\/wp-content\/uploads\/2022\/07\/Prottes-7_22-300x169.jpg 300w, https:\/\/jhbg-hermannloens.at\/wp-content\/uploads\/2022\/07\/Prottes-7_22-768x432.jpg 768w\" sizes=\"auto, (max-width: 1024px) 100vw, 1024px\" \/><\/figure>\n\n\n\n<p>Am 01. August fand in Bisamberg das 5-j\u00e4hrige Jubil\u00e4um des &#8222;Weinviertler J\u00e4gerstammtisches&#8220; statt. Wir durften diese Veranstaltung mit jagdeichen Kl\u00e4ngen umrahmen.<\/p>\n\n\n\n<figure class=\"wp-block-image size-large\"><img loading=\"lazy\" decoding=\"async\" width=\"1024\" height=\"498\" src=\"https:\/\/jhbg-hermannloens.at\/wp-content\/uploads\/2022\/08\/Bisamberg_1-1024x498.jpg\" alt=\"\" class=\"wp-image-924\" srcset=\"https:\/\/jhbg-hermannloens.at\/wp-content\/uploads\/2022\/08\/Bisamberg_1-1024x498.jpg 1024w, https:\/\/jhbg-hermannloens.at\/wp-content\/uploads\/2022\/08\/Bisamberg_1-300x146.jpg 300w, https:\/\/jhbg-hermannloens.at\/wp-content\/uploads\/2022\/08\/Bisamberg_1-768x373.jpg 768w, https:\/\/jhbg-hermannloens.at\/wp-content\/uploads\/2022\/08\/Bisamberg_1.jpg 1272w\" sizes=\"auto, (max-width: 1024px) 100vw, 1024px\" \/><figcaption class=\"wp-element-caption\">Aufgenommen von Peter Pawlicki<\/figcaption><\/figure>\n\n\n\n<figure class=\"wp-block-image size-full\"><img loading=\"lazy\" decoding=\"async\" width=\"1024\" height=\"768\" src=\"https:\/\/jhbg-hermannloens.at\/wp-content\/uploads\/2022\/08\/Bisamberg_2.jpg\" alt=\"\" class=\"wp-image-925\" srcset=\"https:\/\/jhbg-hermannloens.at\/wp-content\/uploads\/2022\/08\/Bisamberg_2.jpg 1024w, https:\/\/jhbg-hermannloens.at\/wp-content\/uploads\/2022\/08\/Bisamberg_2-300x225.jpg 300w, https:\/\/jhbg-hermannloens.at\/wp-content\/uploads\/2022\/08\/Bisamberg_2-768x576.jpg 768w\" sizes=\"auto, (max-width: 1024px) 100vw, 1024px\" \/><\/figure>\n\n\n\n<p>Am 03. August haben Edeltraud und Harald Mayer die Gruppe verlassen. Harald hat die Gruppe 2012 und Traude seit 2014 bereichert. Wir bedanken uns f\u00fcr ihr gro\u00dfartiges Engagement und wertvolle T\u00e4tigkeit als Obmann Stellvertreterin und Hornmeister. Wir w\u00fcnschen den beiden f\u00fcr die Zukunft alles erdenklich Gute, viel Gesundheit und stets einen guten Anblick. Weidmannsheil!<\/p>\n\n\n\n<figure class=\"wp-block-image size-full\"><img loading=\"lazy\" decoding=\"async\" width=\"512\" height=\"406\" src=\"https:\/\/jhbg-hermannloens.at\/wp-content\/uploads\/2022\/09\/c715f92d-5cd7-4923-8785-78c4282005c8.jpg\" alt=\"\" class=\"wp-image-971\" srcset=\"https:\/\/jhbg-hermannloens.at\/wp-content\/uploads\/2022\/09\/c715f92d-5cd7-4923-8785-78c4282005c8.jpg 512w, https:\/\/jhbg-hermannloens.at\/wp-content\/uploads\/2022\/09\/c715f92d-5cd7-4923-8785-78c4282005c8-300x238.jpg 300w\" sizes=\"auto, (max-width: 512px) 100vw, 512px\" \/><\/figure>\n\n\n\n<p>Am 12. August 2022 verabschiedeten wir unseren Jagdfreund und Bruder unseres verstorbenen Obmanns Helmut Wasser, Josef Wasser am Friedhof in Stockerau.<\/p>\n\n\n<div class=\"wp-block-image\">\n<figure class=\"aligncenter size-full is-resized\"><img loading=\"lazy\" decoding=\"async\" src=\"https:\/\/jhbg-hermannloens.at\/wp-content\/uploads\/2022\/09\/5F8823A5-DAB7-4F33-9AEA-BCFD0AEEA427_4_5005_c.jpeg\" alt=\"\" class=\"wp-image-957\" width=\"141\" height=\"187\" srcset=\"https:\/\/jhbg-hermannloens.at\/wp-content\/uploads\/2022\/09\/5F8823A5-DAB7-4F33-9AEA-BCFD0AEEA427_4_5005_c.jpeg 248w, https:\/\/jhbg-hermannloens.at\/wp-content\/uploads\/2022\/09\/5F8823A5-DAB7-4F33-9AEA-BCFD0AEEA427_4_5005_c-227x300.jpeg 227w\" sizes=\"auto, (max-width: 141px) 100vw, 141px\" \/><\/figure>\n<\/div>\n\n\n<p>Vom 3.9. auf den 4.9. 2022 feierte unsere liebe Renate ihren 60. Geburtstag. Wir w\u00fcnschen Ihr alles erdenklich Gute, viel Gesundheit, stets einen guten Ansatz und einen tollen Anblick. <\/p>\n\n\n<div class=\"wp-block-image\">\n<figure class=\"aligncenter size-large is-resized\"><img loading=\"lazy\" decoding=\"async\" src=\"https:\/\/jhbg-hermannloens.at\/wp-content\/uploads\/2022\/01\/AA448756-1AFD-4971-9E5F-56190481DCB2-768x1024.jpeg\" alt=\"\" class=\"wp-image-946\" width=\"500\" height=\"666\" srcset=\"https:\/\/jhbg-hermannloens.at\/wp-content\/uploads\/2022\/01\/AA448756-1AFD-4971-9E5F-56190481DCB2-768x1024.jpeg 768w, https:\/\/jhbg-hermannloens.at\/wp-content\/uploads\/2022\/01\/AA448756-1AFD-4971-9E5F-56190481DCB2-225x300.jpeg 225w, https:\/\/jhbg-hermannloens.at\/wp-content\/uploads\/2022\/01\/AA448756-1AFD-4971-9E5F-56190481DCB2-1152x1536.jpeg 1152w, https:\/\/jhbg-hermannloens.at\/wp-content\/uploads\/2022\/01\/AA448756-1AFD-4971-9E5F-56190481DCB2.jpeg 1200w\" sizes=\"auto, (max-width: 500px) 100vw, 500px\" \/><\/figure>\n<\/div>\n\n<div class=\"wp-block-image\">\n<figure class=\"aligncenter size-full is-resized\"><img loading=\"lazy\" decoding=\"async\" src=\"https:\/\/jhbg-hermannloens.at\/wp-content\/uploads\/2022\/01\/BE01D68A-0BB9-4336-843E-2A2FBC944945.jpeg\" alt=\"\" class=\"wp-image-945\" width=\"748\" height=\"421\" srcset=\"https:\/\/jhbg-hermannloens.at\/wp-content\/uploads\/2022\/01\/BE01D68A-0BB9-4336-843E-2A2FBC944945.jpeg 1024w, https:\/\/jhbg-hermannloens.at\/wp-content\/uploads\/2022\/01\/BE01D68A-0BB9-4336-843E-2A2FBC944945-300x169.jpeg 300w, https:\/\/jhbg-hermannloens.at\/wp-content\/uploads\/2022\/01\/BE01D68A-0BB9-4336-843E-2A2FBC944945-768x433.jpeg 768w\" sizes=\"auto, (max-width: 748px) 100vw, 748px\" \/><\/figure>\n<\/div>\n\n\n<p>Am 14.09.2022 durften wir den Bruder von unserem ehemaligen Gr\u00fcndungsmitglied Herrn Schneider die letzte Ehre bei einer Baumbestattung im Klosterwald Wien erweisen. <\/p>\n\n\n<div class=\"wp-block-image\">\n<figure class=\"aligncenter size-large is-resized\"><img loading=\"lazy\" decoding=\"async\" src=\"https:\/\/jhbg-hermannloens.at\/wp-content\/uploads\/2022\/01\/Image-1024x768.jpeg\" alt=\"\" class=\"wp-image-933\" width=\"634\" height=\"476\" srcset=\"https:\/\/jhbg-hermannloens.at\/wp-content\/uploads\/2022\/01\/Image-1024x768.jpeg 1024w, https:\/\/jhbg-hermannloens.at\/wp-content\/uploads\/2022\/01\/Image-300x225.jpeg 300w, https:\/\/jhbg-hermannloens.at\/wp-content\/uploads\/2022\/01\/Image-768x576.jpeg 768w, https:\/\/jhbg-hermannloens.at\/wp-content\/uploads\/2022\/01\/Image.jpeg 1280w\" sizes=\"auto, (max-width: 634px) 100vw, 634px\" \/><\/figure>\n<\/div>\n\n\n<p>Am 17.09. fand wieder der Entenjagd in Strallegg und Waisenegg statt. Es konnten 20 Enten erlegt werden. Unser lieber Wolfgang wurde zum Entenj\u00e4ger geschlagen. Waidmannsheil!<\/p>\n\n\n<div class=\"wp-block-image\">\n<figure class=\"aligncenter size-full is-resized\"><img loading=\"lazy\" decoding=\"async\" src=\"https:\/\/jhbg-hermannloens.at\/wp-content\/uploads\/2022\/09\/67af8bad-9eaa-4fc4-8f3f-da56c26005ac.jpg\" alt=\"\" class=\"wp-image-972\" width=\"604\" height=\"453\" srcset=\"https:\/\/jhbg-hermannloens.at\/wp-content\/uploads\/2022\/09\/67af8bad-9eaa-4fc4-8f3f-da56c26005ac.jpg 1024w, https:\/\/jhbg-hermannloens.at\/wp-content\/uploads\/2022\/09\/67af8bad-9eaa-4fc4-8f3f-da56c26005ac-300x225.jpg 300w, https:\/\/jhbg-hermannloens.at\/wp-content\/uploads\/2022\/09\/67af8bad-9eaa-4fc4-8f3f-da56c26005ac-768x576.jpg 768w\" sizes=\"auto, (max-width: 604px) 100vw, 604px\" \/><\/figure>\n<\/div>\n\n<div class=\"wp-block-image\">\n<figure class=\"aligncenter size-full is-resized\"><img loading=\"lazy\" decoding=\"async\" src=\"https:\/\/jhbg-hermannloens.at\/wp-content\/uploads\/2022\/09\/f38ce4c1-80e0-4675-9e9b-7bfe0ff9cdb5.jpg\" alt=\"\" class=\"wp-image-973\" width=\"455\" height=\"607\" srcset=\"https:\/\/jhbg-hermannloens.at\/wp-content\/uploads\/2022\/09\/f38ce4c1-80e0-4675-9e9b-7bfe0ff9cdb5.jpg 768w, https:\/\/jhbg-hermannloens.at\/wp-content\/uploads\/2022\/09\/f38ce4c1-80e0-4675-9e9b-7bfe0ff9cdb5-225x300.jpg 225w\" sizes=\"auto, (max-width: 455px) 100vw, 455px\" \/><\/figure>\n<\/div>\n\n\n<p>Am 24.September durften wir die Eheschlie\u00dfung von Brautpaar Johanna und Florian Gregori musikalisch umrahmen. Wir w\u00fcnschen den Beiden alles erdenklich Gute.<\/p>\n\n\n<div class=\"wp-block-image\">\n<figure class=\"aligncenter size-full is-resized\"><img loading=\"lazy\" decoding=\"async\" src=\"https:\/\/jhbg-hermannloens.at\/wp-content\/uploads\/2022\/10\/5e8a9cbe-fb86-408a-a23e-cb1dc1f67680.jpg\" alt=\"\" class=\"wp-image-979\" width=\"608\" height=\"456\" srcset=\"https:\/\/jhbg-hermannloens.at\/wp-content\/uploads\/2022\/10\/5e8a9cbe-fb86-408a-a23e-cb1dc1f67680.jpg 1024w, https:\/\/jhbg-hermannloens.at\/wp-content\/uploads\/2022\/10\/5e8a9cbe-fb86-408a-a23e-cb1dc1f67680-300x225.jpg 300w, https:\/\/jhbg-hermannloens.at\/wp-content\/uploads\/2022\/10\/5e8a9cbe-fb86-408a-a23e-cb1dc1f67680-768x576.jpg 768w\" sizes=\"auto, (max-width: 608px) 100vw, 608px\" \/><\/figure>\n<\/div>\n\n\n<p class=\"has-text-align-center\">&#8222;Horn auf&#8220; hie\u00df es f\u00fcr uns am 04. Oktober bei der Wiener Pirsch auf der Kaiser Wiesn. 2019 fand die Wiener Pirsch erstmals nicht als klassischer Ball im Wiener Rathaus, sondern als stimmungsvoller Abend auf der Wiener Wiesn (jetzt Kaiser Wiesn) unter anderem mit uns im Wiener Prater statt. <\/p>\n\n\n<div class=\"wp-block-image\">\n<figure class=\"aligncenter size-full is-resized\"><img loading=\"lazy\" decoding=\"async\" src=\"https:\/\/jhbg-hermannloens.at\/wp-content\/uploads\/2022\/10\/0ab49ef1-7ebc-4e08-b693-9211e6308838.jpg\" alt=\"\" class=\"wp-image-981\" width=\"632\" height=\"474\" srcset=\"https:\/\/jhbg-hermannloens.at\/wp-content\/uploads\/2022\/10\/0ab49ef1-7ebc-4e08-b693-9211e6308838.jpg 1024w, https:\/\/jhbg-hermannloens.at\/wp-content\/uploads\/2022\/10\/0ab49ef1-7ebc-4e08-b693-9211e6308838-300x225.jpg 300w, https:\/\/jhbg-hermannloens.at\/wp-content\/uploads\/2022\/10\/0ab49ef1-7ebc-4e08-b693-9211e6308838-768x576.jpg 768w\" sizes=\"auto, (max-width: 632px) 100vw, 632px\" \/><\/figure>\n<\/div>\n\n\n<p class=\"has-text-align-center\">Am 08. Oktober fand wieder die gro\u00dfe Jagd in Strallegg\/Stmk statt. Leider fiel die Strecke eher mager mit 5 Rehe und einem Hasen aus. Waidmannsheil den Sch\u00fctzen! <\/p>\n\n\n<div class=\"wp-block-image\">\n<figure class=\"aligncenter size-full is-resized\"><img loading=\"lazy\" decoding=\"async\" src=\"https:\/\/jhbg-hermannloens.at\/wp-content\/uploads\/2022\/10\/97f42c78-9e50-4022-ae15-dc7083dff065.jpg\" alt=\"\" class=\"wp-image-990\" width=\"567\" height=\"425\" srcset=\"https:\/\/jhbg-hermannloens.at\/wp-content\/uploads\/2022\/10\/97f42c78-9e50-4022-ae15-dc7083dff065.jpg 1024w, https:\/\/jhbg-hermannloens.at\/wp-content\/uploads\/2022\/10\/97f42c78-9e50-4022-ae15-dc7083dff065-300x225.jpg 300w, https:\/\/jhbg-hermannloens.at\/wp-content\/uploads\/2022\/10\/97f42c78-9e50-4022-ae15-dc7083dff065-768x576.jpg 768w\" sizes=\"auto, (max-width: 567px) 100vw, 567px\" \/><\/figure>\n<\/div>\n\n\n<p class=\"has-text-align-center\">Am Freitag den 21. Oktober durften wir gemeinsam mit Diakon Walter Friedrich die Hubertusmesse in Prottes feiern. Im Anschluss lud die OMV Sch\u00fctzengilde Prottes zur Agape ein. Ein herzliches Dank an die tolle Organisation.<\/p>\n\n\n<div class=\"wp-block-image\">\n<figure class=\"aligncenter size-full is-resized\"><img loading=\"lazy\" decoding=\"async\" src=\"https:\/\/jhbg-hermannloens.at\/wp-content\/uploads\/2022\/10\/28872805-e8d1-4cf5-aafd-cd05b8757fbd.jpg\" alt=\"\" class=\"wp-image-988\" width=\"619\" height=\"464\" srcset=\"https:\/\/jhbg-hermannloens.at\/wp-content\/uploads\/2022\/10\/28872805-e8d1-4cf5-aafd-cd05b8757fbd.jpg 1024w, https:\/\/jhbg-hermannloens.at\/wp-content\/uploads\/2022\/10\/28872805-e8d1-4cf5-aafd-cd05b8757fbd-300x225.jpg 300w, https:\/\/jhbg-hermannloens.at\/wp-content\/uploads\/2022\/10\/28872805-e8d1-4cf5-aafd-cd05b8757fbd-768x576.jpg 768w\" sizes=\"auto, (max-width: 619px) 100vw, 619px\" \/><\/figure>\n<\/div>\n\n<div class=\"wp-block-image\">\n<figure class=\"aligncenter size-full is-resized\"><img loading=\"lazy\" decoding=\"async\" src=\"https:\/\/jhbg-hermannloens.at\/wp-content\/uploads\/2022\/10\/3eef6b4e-0f53-42bb-a03c-c0d246ce3e27.jpg\" alt=\"\" class=\"wp-image-987\" width=\"616\" height=\"462\" srcset=\"https:\/\/jhbg-hermannloens.at\/wp-content\/uploads\/2022\/10\/3eef6b4e-0f53-42bb-a03c-c0d246ce3e27.jpg 1024w, https:\/\/jhbg-hermannloens.at\/wp-content\/uploads\/2022\/10\/3eef6b4e-0f53-42bb-a03c-c0d246ce3e27-300x225.jpg 300w, https:\/\/jhbg-hermannloens.at\/wp-content\/uploads\/2022\/10\/3eef6b4e-0f53-42bb-a03c-c0d246ce3e27-768x576.jpg 768w\" sizes=\"auto, (max-width: 616px) 100vw, 616px\" \/><\/figure>\n<\/div>\n\n\n<p class=\"has-text-align-center\">Am 6.November wurde die Hubertusmesse am Bisamberg gefeiert. Wir durften diese musikalisch umrahmen.<\/p>\n\n\n<div class=\"wp-block-image\">\n<figure class=\"aligncenter size-full is-resized\"><img loading=\"lazy\" decoding=\"async\" src=\"https:\/\/jhbg-hermannloens.at\/wp-content\/uploads\/2023\/02\/9ec7965c-685f-44f7-803d-af56b6200530.jpg\" alt=\"\" class=\"wp-image-1005\" width=\"624\" height=\"468\" srcset=\"https:\/\/jhbg-hermannloens.at\/wp-content\/uploads\/2023\/02\/9ec7965c-685f-44f7-803d-af56b6200530.jpg 1024w, https:\/\/jhbg-hermannloens.at\/wp-content\/uploads\/2023\/02\/9ec7965c-685f-44f7-803d-af56b6200530-300x225.jpg 300w, https:\/\/jhbg-hermannloens.at\/wp-content\/uploads\/2023\/02\/9ec7965c-685f-44f7-803d-af56b6200530-768x576.jpg 768w\" sizes=\"auto, (max-width: 624px) 100vw, 624px\" \/><\/figure>\n<\/div>\n\n\n<p>Am 17. November durften wir traditionsgem\u00e4\u00df den Weihnachtsmarkt im T\u00fcrkenschanzpark mit ein paar weihnachtlichen und jagdeichen Kl\u00e4ngen f\u00fcllen.<\/p>\n\n\n<div class=\"wp-block-image\">\n<figure class=\"aligncenter size-full is-resized\"><img loading=\"lazy\" decoding=\"async\" src=\"https:\/\/jhbg-hermannloens.at\/wp-content\/uploads\/2023\/02\/2ebe8a7c-544d-418b-bcce-dc0952653855.jpg\" alt=\"\" class=\"wp-image-1008\" width=\"627\" height=\"470\" srcset=\"https:\/\/jhbg-hermannloens.at\/wp-content\/uploads\/2023\/02\/2ebe8a7c-544d-418b-bcce-dc0952653855.jpg 1024w, https:\/\/jhbg-hermannloens.at\/wp-content\/uploads\/2023\/02\/2ebe8a7c-544d-418b-bcce-dc0952653855-300x225.jpg 300w, https:\/\/jhbg-hermannloens.at\/wp-content\/uploads\/2023\/02\/2ebe8a7c-544d-418b-bcce-dc0952653855-768x576.jpg 768w\" sizes=\"auto, (max-width: 627px) 100vw, 627px\" \/><\/figure>\n<\/div>\n\n\n<p class=\"has-text-align-center\">Unsere Weihnachtsfeier durften wir am 30.November in der Gastst\u00e4tte Pistauer abhalten. Es war ein gelungene Feier mit vielen sch\u00f6nen und besinnlichen Momenten.<\/p>\n\n\n<div class=\"wp-block-image\">\n<figure class=\"aligncenter size-full is-resized\"><img loading=\"lazy\" decoding=\"async\" src=\"https:\/\/jhbg-hermannloens.at\/wp-content\/uploads\/2023\/02\/0aead5ce-6441-4816-a40f-6a9b3edaae1f.jpg\" alt=\"\" class=\"wp-image-1007\" width=\"642\" height=\"482\" srcset=\"https:\/\/jhbg-hermannloens.at\/wp-content\/uploads\/2023\/02\/0aead5ce-6441-4816-a40f-6a9b3edaae1f.jpg 1024w, https:\/\/jhbg-hermannloens.at\/wp-content\/uploads\/2023\/02\/0aead5ce-6441-4816-a40f-6a9b3edaae1f-300x225.jpg 300w, https:\/\/jhbg-hermannloens.at\/wp-content\/uploads\/2023\/02\/0aead5ce-6441-4816-a40f-6a9b3edaae1f-768x576.jpg 768w\" sizes=\"auto, (max-width: 642px) 100vw, 642px\" \/><\/figure>\n<\/div>\n\n\n<p class=\"has-text-align-center\">Am 4.Dezember war es uns erneut eine Ehre den T\u00fcrkenschanzpark mit Kl\u00e4ngen zu bef\u00fcllen.<\/p>\n\n\n<div class=\"wp-block-image\">\n<figure class=\"aligncenter size-full is-resized\"><img loading=\"lazy\" decoding=\"async\" src=\"https:\/\/jhbg-hermannloens.at\/wp-content\/uploads\/2023\/02\/71e74520-77d7-4ed1-b058-ed23e43d3da4.jpg\" alt=\"\" class=\"wp-image-1010\" width=\"652\" height=\"489\" srcset=\"https:\/\/jhbg-hermannloens.at\/wp-content\/uploads\/2023\/02\/71e74520-77d7-4ed1-b058-ed23e43d3da4.jpg 1024w, https:\/\/jhbg-hermannloens.at\/wp-content\/uploads\/2023\/02\/71e74520-77d7-4ed1-b058-ed23e43d3da4-300x225.jpg 300w, https:\/\/jhbg-hermannloens.at\/wp-content\/uploads\/2023\/02\/71e74520-77d7-4ed1-b058-ed23e43d3da4-768x576.jpg 768w\" sizes=\"auto, (max-width: 652px) 100vw, 652px\" \/><\/figure>\n<\/div>","protected":false},"excerpt":{"rendered":"<p>Am 9. M\u00e4rz feierten wir in Loidesthal den 70. Geburtstag unserer Christl Handschuh. Wir trafen uns vor ihrem wundersch\u00f6nen Kellerst\u00f6ckl. Unter anderem bliesen wir ihr den von Reinhold komponierten Geburtstagsmarsch. [&hellip;]<\/p>\n","protected":false},"author":1,"featured_media":0,"comment_status":"closed","ping_status":"open","sticky":false,"template":"","format":"standard","meta":{"footnotes":""},"categories":[20],"tags":[],"class_list":["post-829","post","type-post","status-publish","format-standard","hentry","category-20"],"_links":{"self":[{"href":"https:\/\/jhbg-hermannloens.at\/index.php?rest_route=\/wp\/v2\/posts\/829","targetHints":{"allow":["GET"]}}],"collection":[{"href":"https:\/\/jhbg-hermannloens.at\/index.php?rest_route=\/wp\/v2\/posts"}],"about":[{"href":"https:\/\/jhbg-hermannloens.at\/index.php?rest_route=\/wp\/v2\/types\/post"}],"author":[{"embeddable":true,"href":"https:\/\/jhbg-hermannloens.at\/index.php?rest_route=\/wp\/v2\/users\/1"}],"replies":[{"embeddable":true,"href":"https:\/\/jhbg-hermannloens.at\/index.php?rest_route=%2Fwp%2Fv2%2Fcomments&post=829"}],"version-history":[{"count":29,"href":"https:\/\/jhbg-hermannloens.at\/index.php?rest_route=\/wp\/v2\/posts\/829\/revisions"}],"predecessor-version":[{"id":1012,"href":"https:\/\/jhbg-hermannloens.at\/index.php?rest_route=\/wp\/v2\/posts\/829\/revisions\/1012"}],"wp:attachment":[{"href":"https:\/\/jhbg-hermannloens.at\/index.php?rest_route=%2Fwp%2Fv2%2Fmedia&parent=829"}],"wp:term":[{"taxonomy":"category","embeddable":true,"href":"https:\/\/jhbg-hermannloens.at\/index.php?rest_route=%2Fwp%2Fv2%2Fcategories&post=829"},{"taxonomy":"post_tag","embeddable":true,"href":"https:\/\/jhbg-hermannloens.at\/index.php?rest_route=%2Fwp%2Fv2%2Ftags&post=829"}],"curies":[{"name":"wp","href":"https:\/\/api.w.org\/{rel}","templated":true}]}}